{"id":2646,"date":"2024-12-28T14:04:38","date_gmt":"2024-12-28T14:04:38","guid":{"rendered":"https:\/\/doguhabertv.com\/?p=2646"},"modified":"2024-12-28T14:04:38","modified_gmt":"2024-12-28T14:04:38","slug":"van-hakkari-mus-ve-bitliste-kar-sebebiyle-799-yerlesim-yeri-ulasima-kapandi","status":"publish","type":"post","link":"https:\/\/doguhabertv.com\/?p=2646","title":{"rendered":"Van, Hakkari, Mu\u015f ve Bitlis&#8217;te Kar Sebebiyle 799 Yerle\u015fim Yeri Ula\u015f\u0131ma Kapand\u0131"},"content":{"rendered":"<h2 class=\"description\">Olumsuz hava ko\u015fullar\u0131 nedeniyle Van, Hakkari, Mu\u015f ve Bitlis&#8217;te toplam 799 yerle\u015fim yeri ula\u015f\u0131ma kapand\u0131. Karla m\u00fccadele ekipleri kapal\u0131 yollar\u0131n a\u00e7\u0131lmas\u0131 i\u00e7in \u00e7al\u0131\u015fmalar\u0131n\u0131 s\u00fcrd\u00fcr\u00fcyor.<\/h2>\n<p>&nbsp;<\/p>\n<p>Van, Hakkari, Mu\u015f ve Bitlis&#8217;te olumsuz hava ko\u015fullar\u0131 nedeniyle 799 yerle\u015fim biriminin yolu ula\u015f\u0131ma kapand\u0131. Van B\u00fcy\u00fck\u015fehir Belediyesinden yap\u0131lan a\u00e7\u0131klamaya g\u00f6re, kar ve tipi nedeniyle kent genelinde 162 mahalle ile 258 mezraya ula\u015f\u0131m sa\u011flanam\u0131yor. Karla m\u00fccadele ekipleri kapal\u0131 yollar\u0131n a\u00e7\u0131lmas\u0131 i\u00e7in \u00e7al\u0131\u015fmalar\u0131n\u0131 s\u00fcrd\u00fcr\u00fcyor. Kar ve tipi nedeniyle ula\u015f\u0131ma kapanan Van-Bah\u00e7esaray kara yolunun ula\u015f\u0131ma a\u00e7\u0131lmas\u0131 i\u00e7in \u00e7al\u0131\u015fma ba\u015flat\u0131ld\u0131.<\/p>\n<p>Hakkari<\/p>\n<p>Kentte gece saatlerine kadar etkisini s\u00fcrd\u00fcren kar, g\u00fcnl\u00fck ya\u015fam\u0131 olumsuz etkiledi ve ula\u015f\u0131m\u0131 aksatt\u0131. \u0130l \u00d6zel \u0130daresinden al\u0131nan bilgiye g\u00f6re, olumsuz hava ko\u015fullar\u0131 nedeniyle kent genelinde 51 k\u00f6y ve mezra yolu ula\u015f\u0131ma kapand\u0131. Karla m\u00fccadele ekipleri bu yollar\u0131n a\u00e7\u0131lmas\u0131 i\u00e7in \u00e7al\u0131\u015fmalar\u0131n\u0131 s\u00fcrd\u00fcr\u00fcyor. Belediye ekiplerinin gece boyunca \u00e7ar\u015f\u0131 merkezi ve mahalle yollar\u0131nda kar temizleme \u00e7al\u0131\u015fmas\u0131 y\u00fcr\u00fctt\u00fc\u011f\u00fc kentte, karayollar\u0131 ekipleri de sorumluluk alanlar\u0131ndaki yollarda karla m\u00fccadele etti ve mahsur kalan s\u00fcr\u00fcc\u00fclere yard\u0131mc\u0131 oldu. Vatanda\u015flar ise damlarda ve i\u015f yerlerinin \u00f6n\u00fcnde biriken kar y\u0131\u011f\u0131nlar\u0131n\u0131 temizledi.<\/p>\n<p>Mu\u015f<\/p>\n<p>Mu\u015f merkez ve il\u00e7elerinde etkili olan kar ula\u015f\u0131mda aksamalara yol a\u00e7t\u0131. \u0130l \u00d6zel \u0130daresi Genel Sekreteri \u015eeyhmus Yent\u00fcr, kentte d\u00fcnden bu yana etkili olan kardan dolay\u0131 merkez ve il\u00e7elerde 163 k\u00f6y yolunun kapand\u0131\u011f\u0131n\u0131 belirtti. Yent\u00fcr, yollar\u0131n a\u00e7\u0131lmas\u0131 i\u00e7in \u00e7al\u0131\u015fma y\u00fcr\u00fctt\u00fcklerini ifade etti.<\/p>\n<p>Bitlis<\/p>\n<p>Bitlis&#8217;te etkili olan kardan dolay\u0131 165 yerle\u015fim yerine ula\u015f\u0131m sa\u011flanam\u0131yor. \u0130l \u00d6zel \u0130daresi Yol ve Ula\u015f\u0131m Hizmetleri M\u00fcd\u00fcr\u00fc \u00dcmit Kurtkan, kardan dolay\u0131 165 k\u00f6y yolunun ula\u015f\u0131ma kapand\u0131\u011f\u0131n\u0131 bildirdi. Kapal\u0131 yollar\u0131n ula\u015f\u0131ma a\u00e7\u0131lmas\u0131 i\u00e7in \u00e7al\u0131\u015fma ba\u015flatt\u0131klar\u0131n\u0131 ifade eden Kurtkan, s\u00fcr\u00fcc\u00fcleri zincirsiz yola \u00e7\u0131kmamalar\u0131 konusunda uyard\u0131. Kar ya\u011f\u0131\u015f\u0131yla beyaza b\u00fcr\u00fcnen kentte, vatanda\u015flar ara\u00e7lar\u0131n\u0131n \u00fczerinde ve i\u015f yerlerinin \u00f6n\u00fcnde biriken kar\u0131 temizledi. Kar nedeniyle s\u00fcr\u00fcc\u00fcler ve vatanda\u015flar zor anlar ya\u015fad\u0131.<\/p>\n<p>Belediye ile karayollar\u0131 ekipleri cadde ve kald\u0131r\u0131mlarda kar temizleme \u00e7al\u0131\u015fmas\u0131 y\u00fcr\u00fctt\u00fc.<\/p>\n<p><strong>KAYNAK:SONDAK\u0130KA<\/strong><\/p>\n","protected":false},"excerpt":{"rendered":"<p>Olumsuz hava ko\u015fullar\u0131 nedeniyle Van, Hakkari, Mu\u015f ve Bitlis&#8217;te toplam 799 yerle\u015fim yeri ula\u015f\u0131ma kapand\u0131. Karla m\u00fccadele ekipleri kapal\u0131 yollar\u0131n a\u00e7\u0131lmas\u0131 i\u00e7in \u00e7al\u0131\u015fmalar\u0131n\u0131 s\u00fcrd\u00fcr\u00fcyor. &nbsp; Van, Hakkari, Mu\u015f ve Bitlis&#8217;te olumsuz hava ko\u015fullar\u0131 nedeniyle 799 yerle\u015fim biriminin yolu ula\u015f\u0131ma kapand\u0131. Van B\u00fcy\u00fck\u015fehir Belediyesinden yap\u0131lan a\u00e7\u0131klamaya g\u00f6re, kar ve tipi nedeniyle kent genelinde 162 mahalle ile [&hellip;]<\/p>\n","protected":false},"author":1,"featured_media":2647,"comment_status":"open","ping_status":"closed","sticky":false,"template":"","format":"standard","meta":{"footnotes":""},"categories":[8,2300],"tags":[2358,2314,835,1088],"class_list":["post-2646","post","type-post","status-publish","format-standard","has-post-thumbnail","hentry","category-gundem","category-haber","tag-kapali","tag-ulasim","tag-haber","tag-kar"],"_links":{"self":[{"href":"https:\/\/doguhabertv.com\/index.php?rest_route=\/wp\/v2\/posts\/2646","targetHints":{"allow":["GET"]}}],"collection":[{"href":"https:\/\/doguhabertv.com\/index.php?rest_route=\/wp\/v2\/posts"}],"about":[{"href":"https:\/\/doguhabertv.com\/index.php?rest_route=\/wp\/v2\/types\/post"}],"author":[{"embeddable":true,"href":"https:\/\/doguhabertv.com\/index.php?rest_route=\/wp\/v2\/users\/1"}],"replies":[{"embeddable":true,"href":"https:\/\/doguhabertv.com\/index.php?rest_route=%2Fwp%2Fv2%2Fcomments&post=2646"}],"version-history":[{"count":1,"href":"https:\/\/doguhabertv.com\/index.php?rest_route=\/wp\/v2\/posts\/2646\/revisions"}],"predecessor-version":[{"id":2648,"href":"https:\/\/doguhabertv.com\/index.php?rest_route=\/wp\/v2\/posts\/2646\/revisions\/2648"}],"wp:featuredmedia":[{"embeddable":true,"href":"https:\/\/doguhabertv.com\/index.php?rest_route=\/wp\/v2\/media\/2647"}],"wp:attachment":[{"href":"https:\/\/doguhabertv.com\/index.php?rest_route=%2Fwp%2Fv2%2Fmedia&parent=2646"}],"wp:term":[{"taxonomy":"category","embeddable":true,"href":"https:\/\/doguhabertv.com\/index.php?rest_route=%2Fwp%2Fv2%2Fcategories&post=2646"},{"taxonomy":"post_tag","embeddable":true,"href":"https:\/\/doguhabertv.com\/index.php?rest_route=%2Fwp%2Fv2%2Ftags&post=2646"}],"curies":[{"name":"wp","href":"https:\/\/api.w.org\/{rel}","templated":true}]}}