{"id":2640,"date":"2024-12-28T13:57:05","date_gmt":"2024-12-28T13:57:05","guid":{"rendered":"https:\/\/doguhabertv.com\/?p=2640"},"modified":"2024-12-28T13:57:05","modified_gmt":"2024-12-28T13:57:05","slug":"vanda-kaza-5-yarali","status":"publish","type":"post","link":"https:\/\/doguhabertv.com\/?p=2640","title":{"rendered":"Van&#8217;da Kaza: 5 Yaral\u0131"},"content":{"rendered":"<h2 id=\"spot\" class=\"mt10 haber_ozet\">Van-Hakkari yolunda otomobil bariyerlere \u00e7arpt\u0131, 5 ki\u015fi yaraland\u0131. Yaral\u0131lar hastaneye kald\u0131r\u0131ld\u0131.<\/h2>\n<div class=\"hbptDate\">\n<p>Van&#8217;da otomobilin bariyerlere \u00e7arpmas\u0131 sonucu 5 ki\u015fi yaraland\u0131. Van- Hakkari kara yolunun Kuruba\u015f Ge\u00e7idi&#8217;nde s\u00fcr\u00fcc\u00fcs\u00fc \u00f6\u011frenilemeyen 34 MGP 301 plakal\u0131 otomobil, demir bariyerlere \u00e7arpt\u0131. \u0130hbar \u00fczerine kaza yerine sa\u011fl\u0131k, polis ve itfaiye ekipleri sevk edildi. Hasar olu\u015fan ara\u00e7taki 5 ki\u015fi yaraland\u0131.<\/p>\n<div id=\"inpage_desktop\">\n<div>\n<div data-type=\"_mgwidget\" data-widget-id=\"1715779\">Yaral\u0131lar, ambulanslarla Van B\u00f6lge E\u011fitim ve Ara\u015ft\u0131rma Hastanesine kald\u0131r\u0131ld\u0131.<\/p>\n<p><strong>KAYNAK:SONDAK\u0130KA<\/strong><\/div>\n<\/div>\n<\/div>\n<\/div>\n","protected":false},"excerpt":{"rendered":"<p>Van-Hakkari yolunda otomobil bariyerlere \u00e7arpt\u0131, 5 ki\u015fi yaraland\u0131. Yaral\u0131lar hastaneye kald\u0131r\u0131ld\u0131. Van&#8217;da otomobilin bariyerlere \u00e7arpmas\u0131 sonucu 5 ki\u015fi yaraland\u0131. Van- Hakkari kara yolunun Kuruba\u015f Ge\u00e7idi&#8217;nde s\u00fcr\u00fcc\u00fcs\u00fc \u00f6\u011frenilemeyen 34 MGP 301 plakal\u0131 otomobil, demir bariyerlere \u00e7arpt\u0131. \u0130hbar \u00fczerine kaza yerine sa\u011fl\u0131k, polis ve itfaiye ekipleri sevk edildi. Hasar olu\u015fan ara\u00e7taki 5 ki\u015fi yaraland\u0131. Yaral\u0131lar, ambulanslarla Van [&hellip;]<\/p>\n","protected":false},"author":1,"featured_media":2641,"comment_status":"open","ping_status":"closed","sticky":false,"template":"","format":"standard","meta":{"footnotes":""},"categories":[8,2300],"tags":[2347,2299,835,866,1570],"class_list":["post-2640","post","type-post","status-publish","format-standard","has-post-thumbnail","hentry","category-gundem","category-haber","tag-van","tag-yarali","tag-haber","tag-hastane","tag-otomobil"],"_links":{"self":[{"href":"https:\/\/doguhabertv.com\/index.php?rest_route=\/wp\/v2\/posts\/2640","targetHints":{"allow":["GET"]}}],"collection":[{"href":"https:\/\/doguhabertv.com\/index.php?rest_route=\/wp\/v2\/posts"}],"about":[{"href":"https:\/\/doguhabertv.com\/index.php?rest_route=\/wp\/v2\/types\/post"}],"author":[{"embeddable":true,"href":"https:\/\/doguhabertv.com\/index.php?rest_route=\/wp\/v2\/users\/1"}],"replies":[{"embeddable":true,"href":"https:\/\/doguhabertv.com\/index.php?rest_route=%2Fwp%2Fv2%2Fcomments&post=2640"}],"version-history":[{"count":1,"href":"https:\/\/doguhabertv.com\/index.php?rest_route=\/wp\/v2\/posts\/2640\/revisions"}],"predecessor-version":[{"id":2642,"href":"https:\/\/doguhabertv.com\/index.php?rest_route=\/wp\/v2\/posts\/2640\/revisions\/2642"}],"wp:featuredmedia":[{"embeddable":true,"href":"https:\/\/doguhabertv.com\/index.php?rest_route=\/wp\/v2\/media\/2641"}],"wp:attachment":[{"href":"https:\/\/doguhabertv.com\/index.php?rest_route=%2Fwp%2Fv2%2Fmedia&parent=2640"}],"wp:term":[{"taxonomy":"category","embeddable":true,"href":"https:\/\/doguhabertv.com\/index.php?rest_route=%2Fwp%2Fv2%2Fcategories&post=2640"},{"taxonomy":"post_tag","embeddable":true,"href":"https:\/\/doguhabertv.com\/index.php?rest_route=%2Fwp%2Fv2%2Ftags&post=2640"}],"curies":[{"name":"wp","href":"https:\/\/api.w.org\/{rel}","templated":true}]}}