{"id":2637,"date":"2024-12-28T13:54:15","date_gmt":"2024-12-28T13:54:15","guid":{"rendered":"https:\/\/doguhabertv.com\/?p=2637"},"modified":"2024-12-28T13:54:15","modified_gmt":"2024-12-28T13:54:15","slug":"karsta-otobus-devrildi-15-yarali","status":"publish","type":"post","link":"https:\/\/doguhabertv.com\/?p=2637","title":{"rendered":"Kars&#8217;ta Otob\u00fcs Devrildi: 15 Yaral\u0131"},"content":{"rendered":"<p><strong>Kars&#8217;ta yolcu otob\u00fcs\u00fcn\u00fcn devrilmesi sonucu ilk belirlemelere g\u00f6re 15 ki\u015fi yaraland\u0131.<\/strong><\/p>\n<p>Ramazan \u0130nanpolat y\u00f6netimindeki 36 AAS 084 plakal\u0131 yolcu otob\u00fcs\u00fc, Kars-\u00a0Erzurum\u00a0kara yolunun\u00a0Selim il\u00e7esine ba\u011fl\u0131 Oluklu k\u00f6y\u00fc yak\u0131nlar\u0131nda yoldan \u00e7\u0131k\u0131p karla kapl\u0131 araziye devrildi. \u0130hbar \u00fczerine kaza yerine \u00e7ok say\u0131da sa\u011fl\u0131k, arama kurtarma, itfaiye, polis ve jandarma ekibi sevk edildi. Kazada, ilk belirlemelere g\u00f6re 15 ki\u015fi yaraland\u0131. Yaral\u0131lar ambulanslarla kentteki hastanelere sevk edildi. S\u00fcr\u00fcc\u00fc \u0130nanpolat, AA muhabirine, \u015feritlerinde devam ederken bir arac\u0131n kendilerini sollad\u0131\u011f\u0131n\u0131 belirterek, &#8220;Ara\u00e7 sollad\u0131 ve yava\u015flad\u0131. Biz de orta \u015feritte duramad\u0131k.\u00a0Ona\u00a0vurmamaya \u00e7al\u0131\u015f\u0131rken arabay\u0131 sulu kar \u00e7ekti, bizi \u015farampole att\u0131.&#8221; dedi.<\/p>\n<p>B\u00f6lgede aral\u0131klarla kar ya\u011f\u0131\u015f\u0131 etkili oluyor.<\/p>\n<p><strong>KAYNAK:SONDAK\u0130KA<\/strong><\/p>\n","protected":false},"excerpt":{"rendered":"<p>Kars&#8217;ta yolcu otob\u00fcs\u00fcn\u00fcn devrilmesi sonucu ilk belirlemelere g\u00f6re 15 ki\u015fi yaraland\u0131. Ramazan \u0130nanpolat y\u00f6netimindeki 36 AAS 084 plakal\u0131 yolcu otob\u00fcs\u00fc, Kars-\u00a0Erzurum\u00a0kara yolunun\u00a0Selim il\u00e7esine ba\u011fl\u0131 Oluklu k\u00f6y\u00fc yak\u0131nlar\u0131nda yoldan \u00e7\u0131k\u0131p karla kapl\u0131 araziye devrildi. \u0130hbar \u00fczerine kaza yerine \u00e7ok say\u0131da sa\u011fl\u0131k, arama kurtarma, itfaiye, polis ve jandarma ekibi sevk edildi. Kazada, ilk belirlemelere g\u00f6re 15 ki\u015fi [&hellip;]<\/p>\n","protected":false},"author":1,"featured_media":2638,"comment_status":"open","ping_status":"closed","sticky":false,"template":"","format":"standard","meta":{"footnotes":""},"categories":[8,2300],"tags":[2334,2299,835,1135],"class_list":["post-2637","post","type-post","status-publish","format-standard","has-post-thumbnail","hentry","category-gundem","category-haber","tag-kars","tag-yarali","tag-haber","tag-kaza"],"_links":{"self":[{"href":"https:\/\/doguhabertv.com\/index.php?rest_route=\/wp\/v2\/posts\/2637","targetHints":{"allow":["GET"]}}],"collection":[{"href":"https:\/\/doguhabertv.com\/index.php?rest_route=\/wp\/v2\/posts"}],"about":[{"href":"https:\/\/doguhabertv.com\/index.php?rest_route=\/wp\/v2\/types\/post"}],"author":[{"embeddable":true,"href":"https:\/\/doguhabertv.com\/index.php?rest_route=\/wp\/v2\/users\/1"}],"replies":[{"embeddable":true,"href":"https:\/\/doguhabertv.com\/index.php?rest_route=%2Fwp%2Fv2%2Fcomments&post=2637"}],"version-history":[{"count":1,"href":"https:\/\/doguhabertv.com\/index.php?rest_route=\/wp\/v2\/posts\/2637\/revisions"}],"predecessor-version":[{"id":2639,"href":"https:\/\/doguhabertv.com\/index.php?rest_route=\/wp\/v2\/posts\/2637\/revisions\/2639"}],"wp:featuredmedia":[{"embeddable":true,"href":"https:\/\/doguhabertv.com\/index.php?rest_route=\/wp\/v2\/media\/2638"}],"wp:attachment":[{"href":"https:\/\/doguhabertv.com\/index.php?rest_route=%2Fwp%2Fv2%2Fmedia&parent=2637"}],"wp:term":[{"taxonomy":"category","embeddable":true,"href":"https:\/\/doguhabertv.com\/index.php?rest_route=%2Fwp%2Fv2%2Fcategories&post=2637"},{"taxonomy":"post_tag","embeddable":true,"href":"https:\/\/doguhabertv.com\/index.php?rest_route=%2Fwp%2Fv2%2Ftags&post=2637"}],"curies":[{"name":"wp","href":"https:\/\/api.w.org\/{rel}","templated":true}]}}