{"id":2615,"date":"2024-12-27T13:33:47","date_gmt":"2024-12-27T13:33:47","guid":{"rendered":"https:\/\/doguhabertv.com\/?p=2615"},"modified":"2024-12-27T13:33:47","modified_gmt":"2024-12-27T13:33:47","slug":"700-ogrenciye-kis-giyimi-yardimi","status":"publish","type":"post","link":"https:\/\/doguhabertv.com\/?p=2615","title":{"rendered":"700 \u00d6\u011frenciye K\u0131\u015f Giyimi Yard\u0131m\u0131"},"content":{"rendered":"<p><strong>A\u011fr\u0131\u00a0Ticaret Borsas\u0131 Ba\u015fkanl\u0131\u011f\u0131,\u00a0Karasu\u00a0\u0130lkokulu-Ortaokulunda \u00f6\u011frenim g\u00f6ren 700 ihtiya\u00e7 sahibi \u00f6\u011frenciye k\u0131\u015fl\u0131k giyim yard\u0131m\u0131 da\u011f\u0131tt\u0131.<\/strong><\/p>\n<p>Karasu \u0130lkokulu-Ortaokulu konferans salonunda d\u00fczenlenen da\u011f\u0131t\u0131m t\u00f6renine A\u011fr\u0131 Vali Yard\u0131mc\u0131lar\u0131\u00a0Tuncay Karata\u015f\u00a0ve Ahmet Ra\u015fit Orhan, \u0130l Milli\u00a0E\u011fitim\u00a0M\u00fcd\u00fcr\u00fc Hasan K\u00f6krek, Ticaret Borsas\u0131 Ba\u015fkan\u0131\u00a0\u00d6mer Y\u0131ld\u0131r\u0131m, Ulusal\u00a0\u00c7ocuk\u00a0Haklar\u0131 Derne\u011fi Ba\u015fkan\u0131\u00a0Yusuf Y\u0131ld\u0131r\u0131m, borsa y\u00f6netim kurulu \u00fcyeleri, \u00f6\u011fretmenler ve \u00f6\u011frenciler kat\u0131ld\u0131. T\u00f6rende konu\u015fan \u0130l Milli E\u011fitim M\u00fcd\u00fcr\u00fc Hasan K\u00f6krek, yap\u0131lan yard\u0131m\u0131n \u00f6nemine dikkat \u00e7ekerek, &#8220;E\u011fitimde f\u0131rsat e\u015fitli\u011fi sa\u011flaman\u0131n yan\u0131nda, \u00e7ocuklar\u0131m\u0131z\u0131n temel ihtiya\u00e7lar\u0131n\u0131 kar\u015f\u0131lamak ad\u0131na b\u00f6yle bir destek \u00e7ok anlaml\u0131. Ticaret Borsas\u0131 Ba\u015fkan\u0131 \u00d6mer Y\u0131ld\u0131r\u0131m ve eme\u011fi ge\u00e7enlere te\u015fekk\u00fcr ediyorum&#8221; dedi. Ticaret Borsas\u0131 Ba\u015fkan\u0131 \u00d6mer Y\u0131ld\u0131r\u0131m ise \u00f6\u011frencilere destek olman\u0131n kendileri i\u00e7in bir sorumluluk oldu\u011funu belirtti. Y\u0131ld\u0131r\u0131m, &#8220;Gelece\u011fimizin teminat\u0131 olan \u00e7ocuklar\u0131m\u0131z\u0131n her zaman yan\u0131nday\u0131z. Yard\u0131mlar\u0131m\u0131z, sadece bug\u00fcnle s\u0131n\u0131rl\u0131 kalmayacak; ihtiya\u00e7 sahiplerine deste\u011fimizi s\u00fcrd\u00fcrece\u011fiz&#8221; ifadelerini kulland\u0131.<\/p>\n<p>T\u00f6rende kat\u0131l\u0131mc\u0131lar taraf\u0131ndan 700 \u00f6\u011frenciye \u00e7e\u015fitli k\u0131\u015fl\u0131k giysiler da\u011f\u0131t\u0131ld\u0131. \u00d6\u011frenciler ve veliler, sa\u011flanan yard\u0131mlar i\u00e7in te\u015fekk\u00fcrlerini dile getirdi.<\/p>\n<p>&nbsp;<\/p>\n<p><strong>KAYNAK:SONDAK\u0130KA<\/strong><\/p>\n","protected":false},"excerpt":{"rendered":"<p>A\u011fr\u0131\u00a0Ticaret Borsas\u0131 Ba\u015fkanl\u0131\u011f\u0131,\u00a0Karasu\u00a0\u0130lkokulu-Ortaokulunda \u00f6\u011frenim g\u00f6ren 700 ihtiya\u00e7 sahibi \u00f6\u011frenciye k\u0131\u015fl\u0131k giyim yard\u0131m\u0131 da\u011f\u0131tt\u0131. Karasu \u0130lkokulu-Ortaokulu konferans salonunda d\u00fczenlenen da\u011f\u0131t\u0131m t\u00f6renine A\u011fr\u0131 Vali Yard\u0131mc\u0131lar\u0131\u00a0Tuncay Karata\u015f\u00a0ve Ahmet Ra\u015fit Orhan, \u0130l Milli\u00a0E\u011fitim\u00a0M\u00fcd\u00fcr\u00fc Hasan K\u00f6krek, Ticaret Borsas\u0131 Ba\u015fkan\u0131\u00a0\u00d6mer Y\u0131ld\u0131r\u0131m, Ulusal\u00a0\u00c7ocuk\u00a0Haklar\u0131 Derne\u011fi Ba\u015fkan\u0131\u00a0Yusuf Y\u0131ld\u0131r\u0131m, borsa y\u00f6netim kurulu \u00fcyeleri, \u00f6\u011fretmenler ve \u00f6\u011frenciler kat\u0131ld\u0131. T\u00f6rende konu\u015fan \u0130l Milli E\u011fitim M\u00fcd\u00fcr\u00fc Hasan K\u00f6krek, [&hellip;]<\/p>\n","protected":false},"author":1,"featured_media":2616,"comment_status":"open","ping_status":"closed","sticky":false,"template":"","format":"standard","meta":{"footnotes":""},"categories":[8,2300],"tags":[58,835,1514,2201],"class_list":["post-2615","post","type-post","status-publish","format-standard","has-post-thumbnail","hentry","category-gundem","category-haber","tag-agri","tag-haber","tag-ogrenci","tag-yardim"],"_links":{"self":[{"href":"https:\/\/doguhabertv.com\/index.php?rest_route=\/wp\/v2\/posts\/2615","targetHints":{"allow":["GET"]}}],"collection":[{"href":"https:\/\/doguhabertv.com\/index.php?rest_route=\/wp\/v2\/posts"}],"about":[{"href":"https:\/\/doguhabertv.com\/index.php?rest_route=\/wp\/v2\/types\/post"}],"author":[{"embeddable":true,"href":"https:\/\/doguhabertv.com\/index.php?rest_route=\/wp\/v2\/users\/1"}],"replies":[{"embeddable":true,"href":"https:\/\/doguhabertv.com\/index.php?rest_route=%2Fwp%2Fv2%2Fcomments&post=2615"}],"version-history":[{"count":1,"href":"https:\/\/doguhabertv.com\/index.php?rest_route=\/wp\/v2\/posts\/2615\/revisions"}],"predecessor-version":[{"id":2617,"href":"https:\/\/doguhabertv.com\/index.php?rest_route=\/wp\/v2\/posts\/2615\/revisions\/2617"}],"wp:featuredmedia":[{"embeddable":true,"href":"https:\/\/doguhabertv.com\/index.php?rest_route=\/wp\/v2\/media\/2616"}],"wp:attachment":[{"href":"https:\/\/doguhabertv.com\/index.php?rest_route=%2Fwp%2Fv2%2Fmedia&parent=2615"}],"wp:term":[{"taxonomy":"category","embeddable":true,"href":"https:\/\/doguhabertv.com\/index.php?rest_route=%2Fwp%2Fv2%2Fcategories&post=2615"},{"taxonomy":"post_tag","embeddable":true,"href":"https:\/\/doguhabertv.com\/index.php?rest_route=%2Fwp%2Fv2%2Ftags&post=2615"}],"curies":[{"name":"wp","href":"https:\/\/api.w.org\/{rel}","templated":true}]}}