{"id":2609,"date":"2024-12-27T13:26:14","date_gmt":"2024-12-27T13:26:14","guid":{"rendered":"https:\/\/doguhabertv.com\/?p=2609"},"modified":"2024-12-27T13:26:14","modified_gmt":"2024-12-27T13:26:14","slug":"yuksekova-van-yolunda-tirlar-mahsur-kaldi","status":"publish","type":"post","link":"https:\/\/doguhabertv.com\/?p=2609","title":{"rendered":"Y\u00fcksekova-Van Yolunda T\u0131rlar Mahsur Kald\u0131"},"content":{"rendered":"<p><strong>Y\u00fcksekova-\u00a0Van\u00a0kara yolunda yo\u011fun kar ya\u011f\u0131\u015f\u0131 nedeniyle \u00e7ok say\u0131da t\u0131r yolda mahsur kald\u0131.<\/strong><\/p>\n<p>Hakkari\u00a0ve il\u00e7elerinde d\u00fcn gece ba\u015flayan kar ya\u011f\u0131\u015f\u0131 hayat\u0131 olumsuz etkiledi. Y\u00fcksekova-Van kara yolunda bulunan Yenik\u00f6pr\u00fc&#8217;de yo\u011fun kar ya\u011f\u0131\u015f\u0131 nedeniyle t\u0131rlar mahsur kald\u0131. Kardan dolay\u0131 ilerleyemeyen t\u0131r \u015fof\u00f6rleri, Karayollar\u0131 ekiplerinden yard\u0131m istedi.<\/p>\n<div id=\"inpage_desktop\"><\/div>\n<p>\u00d6te yandan Hakkari ve Y\u00fcksekova&#8217;da kar ya\u011f\u0131\u015f\u0131 s\u00fcrerken \u015fehir merkezi ve y\u00fcksek kesimlerde karla m\u00fccadele \u00e7al\u0131\u015fmalar\u0131 t\u00fcm h\u0131z\u0131yla s\u00fcr\u00fcyor.<\/p>\n<p><strong>KAYNAK:SONDAK\u0130KA<\/strong><\/p>\n","protected":false},"excerpt":{"rendered":"<p>Y\u00fcksekova-\u00a0Van\u00a0kara yolunda yo\u011fun kar ya\u011f\u0131\u015f\u0131 nedeniyle \u00e7ok say\u0131da t\u0131r yolda mahsur kald\u0131. Hakkari\u00a0ve il\u00e7elerinde d\u00fcn gece ba\u015flayan kar ya\u011f\u0131\u015f\u0131 hayat\u0131 olumsuz etkiledi. Y\u00fcksekova-Van kara yolunda bulunan Yenik\u00f6pr\u00fc&#8217;de yo\u011fun kar ya\u011f\u0131\u015f\u0131 nedeniyle t\u0131rlar mahsur kald\u0131. Kardan dolay\u0131 ilerleyemeyen t\u0131r \u015fof\u00f6rleri, Karayollar\u0131 ekiplerinden yard\u0131m istedi. \u00d6te yandan Hakkari ve Y\u00fcksekova&#8217;da kar ya\u011f\u0131\u015f\u0131 s\u00fcrerken \u015fehir merkezi ve y\u00fcksek [&hellip;]<\/p>\n","protected":false},"author":1,"featured_media":2610,"comment_status":"open","ping_status":"closed","sticky":false,"template":"","format":"standard","meta":{"footnotes":""},"categories":[8,2300],"tags":[2347,835,2057,2244],"class_list":["post-2609","post","type-post","status-publish","format-standard","has-post-thumbnail","hentry","category-gundem","category-haber","tag-van","tag-haber","tag-tir","tag-yol"],"_links":{"self":[{"href":"https:\/\/doguhabertv.com\/index.php?rest_route=\/wp\/v2\/posts\/2609","targetHints":{"allow":["GET"]}}],"collection":[{"href":"https:\/\/doguhabertv.com\/index.php?rest_route=\/wp\/v2\/posts"}],"about":[{"href":"https:\/\/doguhabertv.com\/index.php?rest_route=\/wp\/v2\/types\/post"}],"author":[{"embeddable":true,"href":"https:\/\/doguhabertv.com\/index.php?rest_route=\/wp\/v2\/users\/1"}],"replies":[{"embeddable":true,"href":"https:\/\/doguhabertv.com\/index.php?rest_route=%2Fwp%2Fv2%2Fcomments&post=2609"}],"version-history":[{"count":1,"href":"https:\/\/doguhabertv.com\/index.php?rest_route=\/wp\/v2\/posts\/2609\/revisions"}],"predecessor-version":[{"id":2611,"href":"https:\/\/doguhabertv.com\/index.php?rest_route=\/wp\/v2\/posts\/2609\/revisions\/2611"}],"wp:featuredmedia":[{"embeddable":true,"href":"https:\/\/doguhabertv.com\/index.php?rest_route=\/wp\/v2\/media\/2610"}],"wp:attachment":[{"href":"https:\/\/doguhabertv.com\/index.php?rest_route=%2Fwp%2Fv2%2Fmedia&parent=2609"}],"wp:term":[{"taxonomy":"category","embeddable":true,"href":"https:\/\/doguhabertv.com\/index.php?rest_route=%2Fwp%2Fv2%2Fcategories&post=2609"},{"taxonomy":"post_tag","embeddable":true,"href":"https:\/\/doguhabertv.com\/index.php?rest_route=%2Fwp%2Fv2%2Ftags&post=2609"}],"curies":[{"name":"wp","href":"https:\/\/api.w.org\/{rel}","templated":true}]}}