{"id":2603,"date":"2024-12-26T14:32:36","date_gmt":"2024-12-26T14:32:36","guid":{"rendered":"https:\/\/doguhabertv.com\/?p=2603"},"modified":"2024-12-26T14:32:36","modified_gmt":"2024-12-26T14:32:36","slug":"amasyada-otobuste-9-kacak-gocmen-yakalandi","status":"publish","type":"post","link":"https:\/\/doguhabertv.com\/?p=2603","title":{"rendered":"Amasya&#8217;da Otob\u00fcste 9 Ka\u00e7ak G\u00f6\u00e7men Yakaland\u0131"},"content":{"rendered":"<h2 id=\"spot\" class=\"mt10 haber_ozet\">I\u011fd\u0131r&#8217;dan \u0130stanbul&#8217;a giden otob\u00fcste 9 Afgan ka\u00e7ak g\u00f6\u00e7men bulundu, s\u00fcr\u00fcc\u00fc ve muavin g\u00f6zalt\u0131na al\u0131nd\u0131.<\/h2>\n<p>&nbsp;<\/p>\n<div class=\"hbptDate\">\n<p>Amasya&#8217;da polisin arama yapt\u0131\u011f\u0131 yolcu otob\u00fcs\u00fcn\u00fcn 4 metrekarelik yatak k\u0131sm\u0131ndan 9 ka\u00e7ak g\u00f6\u00e7men \u00e7\u0131kt\u0131. Otob\u00fcs s\u00fcr\u00fcc\u00fcs\u00fc ve muavini g\u00f6zalt\u0131na al\u0131nd\u0131. Edinilen bilgiye g\u00f6re,\u00a0I\u011fd\u0131r&#8217;dan yola \u00e7\u0131k\u0131p\u00a0\u0130stanbul\u00a0y\u00f6n\u00fcne seyahat etmekte olan bir yolcu otob\u00fcs\u00fc, Amasya merkez\u00a0Ta\u015fova\u00a0kav\u015fa\u011f\u0131ndaki polis uygulama noktas\u0131nda durduruldu. Otob\u00fcs\u00fcn i\u00e7inde ve b\u00f6lmelerinde arama yap\u0131ld\u0131. 4 metrekarelik \u015fof\u00f6r yata\u011f\u0131 k\u0131sm\u0131nda\u00a0Afganistan\u00a0uyruklu 9 ka\u00e7ak g\u00f6\u00e7men bulundu. Polislerin su verdi\u011fi g\u00f6\u00e7menlerden 8&#8217;i\u00a0G\u00f6\u00e7men Ka\u00e7ak\u00e7\u0131l\u0131\u011f\u0131yla M\u00fccadele ve Hudut Kap\u0131lar\u0131 \u015eubesi ekipleri taraf\u0131ndan Amasya Emniyet M\u00fcd\u00fcrl\u00fc\u011f\u00fc&#8217;ne g\u00f6t\u00fcr\u00fcld\u00fc. Rahats\u0131zlanan 1&#8217;i ise polis ekiplerinin ilk m\u00fcdahalesi sonras\u0131 ambulansla hastaneye kald\u0131r\u0131ld\u0131. Amasya Emniyet M\u00fcd\u00fcr\u00fc Ayhan Sara\u00e7 da olay yerine gelerek operasyonu y\u00f6netti. Ka\u00e7ak g\u00f6\u00e7menlerin adli ve idari i\u015flemlerin ard\u0131ndan D\u00fczensiz G\u00f6\u00e7men \u00d6n Kabul ve Sevk Merkezi&#8217;ne (G\u00d6KSEM) teslim edilece\u011fi bildirildi.<\/p>\n<p>Operasyonu de\u011ferlendiren Amasya Valisi \u00d6nder Bakan, &#8220;D\u00fczensiz g\u00f6\u00e7 ile m\u00fccadele t\u00fcm g\u00fczergahlar\u0131 tutarak yapaca\u011f\u0131z. Amasya&#8217;n\u0131n yollar\u0131 bu t\u00fcr illegal ta\u015f\u0131mac\u0131l\u0131k i\u00e7in uygun de\u011fil. \u00c7al\u0131\u015fma arkada\u015flar\u0131m\u0131z\u0131 tebrik ediyorum&#8221; dedi.<\/p>\n<p><strong>KAYNAK:SONDAK\u0130KA<\/strong><\/p>\n<\/div>\n","protected":false},"excerpt":{"rendered":"<p>I\u011fd\u0131r&#8217;dan \u0130stanbul&#8217;a giden otob\u00fcste 9 Afgan ka\u00e7ak g\u00f6\u00e7men bulundu, s\u00fcr\u00fcc\u00fc ve muavin g\u00f6zalt\u0131na al\u0131nd\u0131. &nbsp; Amasya&#8217;da polisin arama yapt\u0131\u011f\u0131 yolcu otob\u00fcs\u00fcn\u00fcn 4 metrekarelik yatak k\u0131sm\u0131ndan 9 ka\u00e7ak g\u00f6\u00e7men \u00e7\u0131kt\u0131. Otob\u00fcs s\u00fcr\u00fcc\u00fcs\u00fc ve muavini g\u00f6zalt\u0131na al\u0131nd\u0131. Edinilen bilgiye g\u00f6re,\u00a0I\u011fd\u0131r&#8217;dan yola \u00e7\u0131k\u0131p\u00a0\u0130stanbul\u00a0y\u00f6n\u00fcne seyahat etmekte olan bir yolcu otob\u00fcs\u00fc, Amasya merkez\u00a0Ta\u015fova\u00a0kav\u015fa\u011f\u0131ndaki polis uygulama noktas\u0131nda durduruldu. Otob\u00fcs\u00fcn i\u00e7inde ve [&hellip;]<\/p>\n","protected":false},"author":1,"featured_media":2604,"comment_status":"open","ping_status":"closed","sticky":false,"template":"","format":"standard","meta":{"footnotes":""},"categories":[8,2300],"tags":[2322,2326,2320,835,1043],"class_list":["post-2603","post","type-post","status-publish","format-standard","has-post-thumbnail","hentry","category-gundem","category-haber","tag-gocmen","tag-igdir","tag-yakalanma","tag-haber","tag-kacak"],"_links":{"self":[{"href":"https:\/\/doguhabertv.com\/index.php?rest_route=\/wp\/v2\/posts\/2603","targetHints":{"allow":["GET"]}}],"collection":[{"href":"https:\/\/doguhabertv.com\/index.php?rest_route=\/wp\/v2\/posts"}],"about":[{"href":"https:\/\/doguhabertv.com\/index.php?rest_route=\/wp\/v2\/types\/post"}],"author":[{"embeddable":true,"href":"https:\/\/doguhabertv.com\/index.php?rest_route=\/wp\/v2\/users\/1"}],"replies":[{"embeddable":true,"href":"https:\/\/doguhabertv.com\/index.php?rest_route=%2Fwp%2Fv2%2Fcomments&post=2603"}],"version-history":[{"count":1,"href":"https:\/\/doguhabertv.com\/index.php?rest_route=\/wp\/v2\/posts\/2603\/revisions"}],"predecessor-version":[{"id":2605,"href":"https:\/\/doguhabertv.com\/index.php?rest_route=\/wp\/v2\/posts\/2603\/revisions\/2605"}],"wp:featuredmedia":[{"embeddable":true,"href":"https:\/\/doguhabertv.com\/index.php?rest_route=\/wp\/v2\/media\/2604"}],"wp:attachment":[{"href":"https:\/\/doguhabertv.com\/index.php?rest_route=%2Fwp%2Fv2%2Fmedia&parent=2603"}],"wp:term":[{"taxonomy":"category","embeddable":true,"href":"https:\/\/doguhabertv.com\/index.php?rest_route=%2Fwp%2Fv2%2Fcategories&post=2603"},{"taxonomy":"post_tag","embeddable":true,"href":"https:\/\/doguhabertv.com\/index.php?rest_route=%2Fwp%2Fv2%2Ftags&post=2603"}],"curies":[{"name":"wp","href":"https:\/\/api.w.org\/{rel}","templated":true}]}}