{"id":2597,"date":"2024-12-26T14:11:22","date_gmt":"2024-12-26T14:11:22","guid":{"rendered":"https:\/\/doguhabertv.com\/?p=2597"},"modified":"2024-12-26T14:11:22","modified_gmt":"2024-12-26T14:11:22","slug":"yuksekovada-elektrik-panosu-patladi","status":"publish","type":"post","link":"https:\/\/doguhabertv.com\/?p=2597","title":{"rendered":"Y\u00fcksekova&#8217;da Elektrik Panosu Patlad\u0131"},"content":{"rendered":"<h2 id=\"spot\" class=\"mt10 haber_ozet\">Hakkari&#8217;nin Y\u00fcksekova il\u00e7esinde elektrik panosu patlad\u0131, vatanda\u015flar yang\u0131n t\u00fcpleriyle m\u00fcdahale etti.<\/h2>\n<div class=\"hbptDate\">\nHakkari&#8217;nin\u00a0Y\u00fcksekova\u00a0il\u00e7esinde \u00f6\u011fle saatlerinde elektrik panosunun patlamas\u0131 sonucu yang\u0131n meydana gelirken, vatanda\u015flar yang\u0131na yang\u0131n t\u00fcp\u00fcyle m\u00fcdahale etti.<\/p>\n<p>Edinilen bilgilere g\u00f6re, olay, saat 11 s\u0131ralar\u0131nda Cengiz Topel Caddesi \u00fczerinde meydana geldi. Bilinmeyen bir nedende dolay\u0131 kald\u0131r\u0131m kenar\u0131nda bulunan elektrik panosu patlamas\u0131yla b\u00fcy\u00fck pani\u011fe neden oldu. K\u0131sa s\u00fcrede alev alev yanan pano, bulundu\u011fu alan\u0131 dumanlar i\u00e7inde b\u0131rakt\u0131. Olay\u0131 g\u00f6ren vatanda\u015flar yang\u0131n t\u00fcpleriyle ilk m\u00fcdahaleyi yapt\u0131. S\u00f6nd\u00fcrmede yetersiz kalan vatanda\u015flar itfaiyeye haber verdiler.\u00a0\u0130tfaiye\u00a0ekiplerin k\u0131sa s\u00fcrede yang\u0131na m\u00fcdahale ederek yanan panoyu s\u00f6nd\u00fcrd\u00fc.<\/p>\n<\/div>\n<p><strong>KAYNAK:SONDAK\u0130KA<\/strong><\/p>\n<div class=\"hbptDate\"><\/div>\n","protected":false},"excerpt":{"rendered":"<p>Hakkari&#8217;nin Y\u00fcksekova il\u00e7esinde elektrik panosu patlad\u0131, vatanda\u015flar yang\u0131n t\u00fcpleriyle m\u00fcdahale etti. Hakkari&#8217;nin\u00a0Y\u00fcksekova\u00a0il\u00e7esinde \u00f6\u011fle saatlerinde elektrik panosunun patlamas\u0131 sonucu yang\u0131n meydana gelirken, vatanda\u015flar yang\u0131na yang\u0131n t\u00fcp\u00fcyle m\u00fcdahale etti. Edinilen bilgilere g\u00f6re, olay, saat 11 s\u0131ralar\u0131nda Cengiz Topel Caddesi \u00fczerinde meydana geldi. Bilinmeyen bir nedende dolay\u0131 kald\u0131r\u0131m kenar\u0131nda bulunan elektrik panosu patlamas\u0131yla b\u00fcy\u00fck pani\u011fe neden oldu. K\u0131sa [&hellip;]<\/p>\n","protected":false},"author":1,"featured_media":2598,"comment_status":"open","ping_status":"closed","sticky":false,"template":"","format":"standard","meta":{"footnotes":""},"categories":[8,2300],"tags":[2351,2312,2352,2337,835],"class_list":["post-2597","post","type-post","status-publish","format-standard","has-post-thumbnail","hentry","category-gundem","category-haber","tag-elektirik","tag-hakkari","tag-patlama","tag-yuksekova","tag-haber"],"_links":{"self":[{"href":"https:\/\/doguhabertv.com\/index.php?rest_route=\/wp\/v2\/posts\/2597","targetHints":{"allow":["GET"]}}],"collection":[{"href":"https:\/\/doguhabertv.com\/index.php?rest_route=\/wp\/v2\/posts"}],"about":[{"href":"https:\/\/doguhabertv.com\/index.php?rest_route=\/wp\/v2\/types\/post"}],"author":[{"embeddable":true,"href":"https:\/\/doguhabertv.com\/index.php?rest_route=\/wp\/v2\/users\/1"}],"replies":[{"embeddable":true,"href":"https:\/\/doguhabertv.com\/index.php?rest_route=%2Fwp%2Fv2%2Fcomments&post=2597"}],"version-history":[{"count":1,"href":"https:\/\/doguhabertv.com\/index.php?rest_route=\/wp\/v2\/posts\/2597\/revisions"}],"predecessor-version":[{"id":2599,"href":"https:\/\/doguhabertv.com\/index.php?rest_route=\/wp\/v2\/posts\/2597\/revisions\/2599"}],"wp:featuredmedia":[{"embeddable":true,"href":"https:\/\/doguhabertv.com\/index.php?rest_route=\/wp\/v2\/media\/2598"}],"wp:attachment":[{"href":"https:\/\/doguhabertv.com\/index.php?rest_route=%2Fwp%2Fv2%2Fmedia&parent=2597"}],"wp:term":[{"taxonomy":"category","embeddable":true,"href":"https:\/\/doguhabertv.com\/index.php?rest_route=%2Fwp%2Fv2%2Fcategories&post=2597"},{"taxonomy":"post_tag","embeddable":true,"href":"https:\/\/doguhabertv.com\/index.php?rest_route=%2Fwp%2Fv2%2Ftags&post=2597"}],"curies":[{"name":"wp","href":"https:\/\/api.w.org\/{rel}","templated":true}]}}