{"id":2594,"date":"2024-12-26T14:09:16","date_gmt":"2024-12-26T14:09:16","guid":{"rendered":"https:\/\/doguhabertv.com\/?p=2594"},"modified":"2024-12-26T14:09:16","modified_gmt":"2024-12-26T14:09:16","slug":"teroristleri-tedavi-eden-doktorlar-istanbulda-yakalandi","status":"publish","type":"post","link":"https:\/\/doguhabertv.com\/?p=2594","title":{"rendered":"Ter\u00f6ristleri tedavi eden doktorlar \u0130stanbul&#8217;da yakaland\u0131"},"content":{"rendered":"<h2 id=\"spot\" class=\"mt10 haber_ozet\">Bitlis merkezli d\u00fczenlenen operasyonda, ter\u00f6r \u00f6rg\u00fct\u00fc PKK\/KCK mensuplar\u0131n\u0131 tedavi ettikleri ve yurt d\u0131\u015f\u0131nda ter\u00f6r \u00f6rg\u00fct\u00fcyle anla\u015fmal\u0131 hastanelerde \u00e7al\u0131\u015ft\u0131klar\u0131 belirlenen 3 doktor, \u0130stanbul&#8217;da yakaland\u0131.<\/h2>\n<div class=\"hbptDate\">\nTer\u00f6r\u00a0\u00f6rg\u00fct\u00fc PKK\/KCK mensuplar\u0131n\u0131 tedavi ettikleri ve yurt d\u0131\u015f\u0131nda ter\u00f6r \u00f6rg\u00fct\u00fcyle anla\u015fmal\u0131 hastanelerde \u00e7al\u0131\u015ft\u0131klar\u0131 tespit edilen 3 doktor\u00a0\u0130stanbul&#8217;da yakaland\u0131.\u00a0Bitlis Valili\u011fi\u00a0taraf\u0131ndan yap\u0131lan a\u00e7\u0131klamada, doktorlar\u0131n yurt d\u0131\u015f\u0131nda ter\u00f6r \u00f6rg\u00fct\u00fc ile anla\u015fmal\u0131 hastanelerde \u00e7al\u0131\u015ft\u0131klar\u0131 belirtildi.<\/p>\n<h3>VAL\u0130L\u0130KTEN A\u00c7IKLAMA<\/h3>\n<p>Bitlis Valili\u011finden yap\u0131lan a\u00e7\u0131klamada, &#8220;Bitlis\u00a0Cumhuriyet Ba\u015fsavc\u0131l\u0131\u011f\u0131\u00a0koordinesinde Bitlis\u00a0Emniyet M\u00fcd\u00fcrl\u00fc\u011f\u00fc\u00a0\u0130stihbarat \u015eube M\u00fcd\u00fcrl\u00fc\u011f\u00fc ile Ter\u00f6rle M\u00fccadele \u015eube M\u00fcd\u00fcrl\u00fc\u011f\u00fcm\u00fczce PKK\/KCK silahl\u0131 ter\u00f6r \u00f6rg\u00fct\u00fcn\u00fcn eylem ve faaliyetlerinin de\u015fifre edilmesi kapsam\u0131nda, PKK\/KCK silahl\u0131 ter\u00f6r \u00f6rg\u00fct\u00fc \u00fcyelerini tedavi ettikleri, yurt d\u0131\u015f\u0131nda ter\u00f6r \u00f6rg\u00fct\u00fc ile anla\u015fmal\u0131 hastanelerde doktorluk yapt\u0131\u011f\u0131 tespit edilen 3 hedef \u015fahsa y\u00f6nelik ilimiz merkezli \u0130stanbul&#8217;da yap\u0131lan operasyonda 3 \u015f\u00fcpheli doktor yakalanarak g\u00f6zalt\u0131na al\u0131nm\u0131\u015ft\u0131r. Bahse konu \u015f\u00fcpheli \u015fah\u0131slar\u0131n ikametlerinde yap\u0131lan aramalar neticesinde \u00e7ok say\u0131da dijital materyal ele ge\u00e7irilmi\u015ftir. Hem\u015fehrilerimizin huzuru ve g\u00fcvenli\u011fi i\u00e7in ter\u00f6rle m\u00fccadele kapsam\u0131nda operasyonlar\u0131m\u0131z kararl\u0131l\u0131kla devam etmektedir&#8221; denildi.<\/p>\n<\/div>\n<div><strong>KAYNAK:SONDAK\u0130KA<\/strong><\/div>\n<div><\/div>\n<div><\/div>\n","protected":false},"excerpt":{"rendered":"<p>Bitlis merkezli d\u00fczenlenen operasyonda, ter\u00f6r \u00f6rg\u00fct\u00fc PKK\/KCK mensuplar\u0131n\u0131 tedavi ettikleri ve yurt d\u0131\u015f\u0131nda ter\u00f6r \u00f6rg\u00fct\u00fcyle anla\u015fmal\u0131 hastanelerde \u00e7al\u0131\u015ft\u0131klar\u0131 belirlenen 3 doktor, \u0130stanbul&#8217;da yakaland\u0131. Ter\u00f6r\u00a0\u00f6rg\u00fct\u00fc PKK\/KCK mensuplar\u0131n\u0131 tedavi ettikleri ve yurt d\u0131\u015f\u0131nda ter\u00f6r \u00f6rg\u00fct\u00fcyle anla\u015fmal\u0131 hastanelerde \u00e7al\u0131\u015ft\u0131klar\u0131 tespit edilen 3 doktor\u00a0\u0130stanbul&#8217;da yakaland\u0131.\u00a0Bitlis Valili\u011fi\u00a0taraf\u0131ndan yap\u0131lan a\u00e7\u0131klamada, doktorlar\u0131n yurt d\u0131\u015f\u0131nda ter\u00f6r \u00f6rg\u00fct\u00fc ile anla\u015fmal\u0131 hastanelerde \u00e7al\u0131\u015ft\u0131klar\u0131 belirtildi. VAL\u0130L\u0130KTEN [&hellip;]<\/p>\n","protected":false},"author":1,"featured_media":2595,"comment_status":"open","ping_status":"closed","sticky":false,"template":"","format":"standard","meta":{"footnotes":""},"categories":[8,2300],"tags":[2321,2320,539,835,2038],"class_list":["post-2594","post","type-post","status-publish","format-standard","has-post-thumbnail","hentry","category-gundem","category-haber","tag-bitlis","tag-yakalanma","tag-doktor","tag-haber","tag-terorist"],"_links":{"self":[{"href":"https:\/\/doguhabertv.com\/index.php?rest_route=\/wp\/v2\/posts\/2594","targetHints":{"allow":["GET"]}}],"collection":[{"href":"https:\/\/doguhabertv.com\/index.php?rest_route=\/wp\/v2\/posts"}],"about":[{"href":"https:\/\/doguhabertv.com\/index.php?rest_route=\/wp\/v2\/types\/post"}],"author":[{"embeddable":true,"href":"https:\/\/doguhabertv.com\/index.php?rest_route=\/wp\/v2\/users\/1"}],"replies":[{"embeddable":true,"href":"https:\/\/doguhabertv.com\/index.php?rest_route=%2Fwp%2Fv2%2Fcomments&post=2594"}],"version-history":[{"count":1,"href":"https:\/\/doguhabertv.com\/index.php?rest_route=\/wp\/v2\/posts\/2594\/revisions"}],"predecessor-version":[{"id":2596,"href":"https:\/\/doguhabertv.com\/index.php?rest_route=\/wp\/v2\/posts\/2594\/revisions\/2596"}],"wp:featuredmedia":[{"embeddable":true,"href":"https:\/\/doguhabertv.com\/index.php?rest_route=\/wp\/v2\/media\/2595"}],"wp:attachment":[{"href":"https:\/\/doguhabertv.com\/index.php?rest_route=%2Fwp%2Fv2%2Fmedia&parent=2594"}],"wp:term":[{"taxonomy":"category","embeddable":true,"href":"https:\/\/doguhabertv.com\/index.php?rest_route=%2Fwp%2Fv2%2Fcategories&post=2594"},{"taxonomy":"post_tag","embeddable":true,"href":"https:\/\/doguhabertv.com\/index.php?rest_route=%2Fwp%2Fv2%2Ftags&post=2594"}],"curies":[{"name":"wp","href":"https:\/\/api.w.org\/{rel}","templated":true}]}}