{"id":2591,"date":"2024-12-26T14:06:38","date_gmt":"2024-12-26T14:06:38","guid":{"rendered":"https:\/\/doguhabertv.com\/?p=2591"},"modified":"2024-12-26T14:06:38","modified_gmt":"2024-12-26T14:06:38","slug":"vanda-aileler-umutla-bekliyor","status":"publish","type":"post","link":"https:\/\/doguhabertv.com\/?p=2591","title":{"rendered":"Van&#8217;da Aileler Umutla Bekliyor"},"content":{"rendered":"<h2 id=\"spot\" class=\"mt10 haber_ozet\">PKK&#8217;n\u0131n ka\u00e7\u0131rd\u0131\u011f\u0131 \u00e7ocuklar\u0131 i\u00e7in eylem yapan aileler, 2025&#8217;te evlatlar\u0131na kavu\u015fmay\u0131 umuyor.<\/h2>\n<div class=\"hbptDate\">\nVan&#8217;da ter\u00f6r \u00f6rg\u00fct\u00fc\u00a0PKK\u00a0taraf\u0131ndan \u00e7ocuklar\u0131 da\u011fa ka\u00e7\u0131r\u0131lan aileler, evlatlar\u0131na kavu\u015fman\u0131n umuduyla hayata tutunduklar\u0131n\u0131 belirterek 2025 y\u0131l\u0131nda \u00e7ocuklar\u0131na kavu\u015fmay\u0131 beklediklerini s\u00f6yledi.<\/p>\n<p>Van&#8217;da ter\u00f6r \u00f6rg\u00fct\u00fc PKK taraf\u0131ndan \u00e7ocuklar\u0131 da\u011fa ka\u00e7\u0131r\u0131lan aileler, 93&#8217;\u00fcnc\u00fc haftada da eylemlerini s\u00fcrd\u00fcr\u00fcyor. Evlatlar\u0131 ter\u00f6r \u00f6rg\u00fct\u00fc PKK taraf\u0131ndan farkl\u0131 tarihlerde da\u011fa ka\u00e7\u0131r\u0131lan 35 aile, ellerindeki d\u00f6vizlerle\u00a0DEM Parti \u0130l Ba\u015fkanl\u0131\u011f\u0131n\u0131n \u00f6n\u00fcne kadar y\u00fcr\u00fcd\u00fc. DEM Parti ve PKK aleyhine slogan atan aileler, tek ama\u00e7lar\u0131n\u0131n \u00e7ocuklar\u0131na kavu\u015fmak oldu\u011funu s\u00f6yledi. 13 y\u0131ld\u0131r k\u0131z\u0131na kavu\u015fabilmek i\u00e7in eylemde bulundu\u011funu belirten anne Nazl\u0131 Sancar, &#8220;Bir y\u0131l\u0131 daha geride b\u0131rakt\u0131k. \u0130n\u015fallah 2025 y\u0131l\u0131 bize u\u011furlu gelir ve in\u015fallah biz anne ve babalar olarak evlatlar\u0131m\u0131za kavu\u015furuz. 2025 y\u0131l\u0131 b\u00fct\u00fcn anne ve babalara hay\u0131rl\u0131 gelir. Buradan da\u011fdaki b\u00fct\u00fcn \u00e7ocuklara sesleniyorum. Ne olur Allah r\u0131zas\u0131 i\u00e7in gelin. Anneleriniz, babalar\u0131n\u0131z burada sizi bekliyor. Bu katillere, bu zalimlere inanmay\u0131n ve o silah\u0131 onlar\u0131n y\u00fcz\u00fcne f\u0131rlat\u0131n. Gelin hayat\u0131n\u0131za kald\u0131\u011f\u0131n\u0131z yerden devam edin. Bu m\u00fccadele tek \u015eeyma i\u00e7in de\u011fil da\u011fdaki b\u00fct\u00fcn \u00e7ocuklar i\u00e7in veriyoruz. Benim can\u0131m yand\u0131, ba\u015fka annelerin ci\u011feri yanmas\u0131n. Art\u0131k annelere a\u011flamas\u0131n. \u00c7ocuklar ne olur gelin. 2025 y\u0131l\u0131 bizim ve sizin y\u0131l\u0131n\u0131z olsun&#8221; dedi. 6 y\u0131ld\u0131r o\u011flu Adulalim i\u00e7in verdi\u011fi m\u00fccadeleyi sonuna kadar s\u00fcrd\u00fcrece\u011fini vurgulayan baba\u00a0Ey\u00fcp\u00a0Baran ise &#8220;Ben \u00e7ocu\u011fumu istiyorum. \u00c7ocu\u011fum daha 9 ya\u015f\u0131ndayken okula gitti\u011fi s\u0131rada eline patlay\u0131c\u0131 verdiler. Patlay\u0131c\u0131n\u0131n elinde patlamas\u0131 sonucu 5 parma\u011f\u0131n\u0131 kaybetti. Ondan sonra kap\u0131n\u0131n \u00f6n\u00fcnden \u00e7ocu\u011fumu ka\u00e7\u0131rd\u0131lar. Bu ka\u00e7 senedir haber alamad\u0131m. Ben \u00e7ocu\u011fumun pe\u015fini b\u0131rakmayaca\u011f\u0131m. 2025 y\u0131l\u0131nda in\u015fallah da\u011fdaki b\u00fct\u00fcn \u00e7ocuklar silah\u0131 b\u0131rak\u0131p gelip teslim olacaklar. Allah&#8217;\u0131n izniyle \u00e7ocuklar\u0131m\u0131za kavu\u015faca\u011f\u0131z. \u00dcmidimiz var. B\u00fct\u00fcn anne ve babalar \u00fcmitlerini kesmesinler. \u0130n\u015fallah biz kazanaca\u011f\u0131z&#8221; diye konu\u015ftu.<\/p>\n<p><strong>KAYNAK:SONDAK\u0130KA<\/strong><\/p>\n<\/div>\n","protected":false},"excerpt":{"rendered":"<p>PKK&#8217;n\u0131n ka\u00e7\u0131rd\u0131\u011f\u0131 \u00e7ocuklar\u0131 i\u00e7in eylem yapan aileler, 2025&#8217;te evlatlar\u0131na kavu\u015fmay\u0131 umuyor. Van&#8217;da ter\u00f6r \u00f6rg\u00fct\u00fc\u00a0PKK\u00a0taraf\u0131ndan \u00e7ocuklar\u0131 da\u011fa ka\u00e7\u0131r\u0131lan aileler, evlatlar\u0131na kavu\u015fman\u0131n umuduyla hayata tutunduklar\u0131n\u0131 belirterek 2025 y\u0131l\u0131nda \u00e7ocuklar\u0131na kavu\u015fmay\u0131 beklediklerini s\u00f6yledi. Van&#8217;da ter\u00f6r \u00f6rg\u00fct\u00fc PKK taraf\u0131ndan \u00e7ocuklar\u0131 da\u011fa ka\u00e7\u0131r\u0131lan aileler, 93&#8217;\u00fcnc\u00fc haftada da eylemlerini s\u00fcrd\u00fcr\u00fcyor. Evlatlar\u0131 ter\u00f6r \u00f6rg\u00fct\u00fc PKK taraf\u0131ndan farkl\u0131 tarihlerde da\u011fa ka\u00e7\u0131r\u0131lan 35 aile, [&hellip;]<\/p>\n","protected":false},"author":1,"featured_media":2592,"comment_status":"open","ping_status":"closed","sticky":false,"template":"","format":"standard","meta":{"footnotes":""},"categories":[8,2300],"tags":[2347,665,835,2037],"class_list":["post-2591","post","type-post","status-publish","format-standard","has-post-thumbnail","hentry","category-gundem","category-haber","tag-van","tag-eylem","tag-haber","tag-teror"],"_links":{"self":[{"href":"https:\/\/doguhabertv.com\/index.php?rest_route=\/wp\/v2\/posts\/2591","targetHints":{"allow":["GET"]}}],"collection":[{"href":"https:\/\/doguhabertv.com\/index.php?rest_route=\/wp\/v2\/posts"}],"about":[{"href":"https:\/\/doguhabertv.com\/index.php?rest_route=\/wp\/v2\/types\/post"}],"author":[{"embeddable":true,"href":"https:\/\/doguhabertv.com\/index.php?rest_route=\/wp\/v2\/users\/1"}],"replies":[{"embeddable":true,"href":"https:\/\/doguhabertv.com\/index.php?rest_route=%2Fwp%2Fv2%2Fcomments&post=2591"}],"version-history":[{"count":1,"href":"https:\/\/doguhabertv.com\/index.php?rest_route=\/wp\/v2\/posts\/2591\/revisions"}],"predecessor-version":[{"id":2593,"href":"https:\/\/doguhabertv.com\/index.php?rest_route=\/wp\/v2\/posts\/2591\/revisions\/2593"}],"wp:featuredmedia":[{"embeddable":true,"href":"https:\/\/doguhabertv.com\/index.php?rest_route=\/wp\/v2\/media\/2592"}],"wp:attachment":[{"href":"https:\/\/doguhabertv.com\/index.php?rest_route=%2Fwp%2Fv2%2Fmedia&parent=2591"}],"wp:term":[{"taxonomy":"category","embeddable":true,"href":"https:\/\/doguhabertv.com\/index.php?rest_route=%2Fwp%2Fv2%2Fcategories&post=2591"},{"taxonomy":"post_tag","embeddable":true,"href":"https:\/\/doguhabertv.com\/index.php?rest_route=%2Fwp%2Fv2%2Ftags&post=2591"}],"curies":[{"name":"wp","href":"https:\/\/api.w.org\/{rel}","templated":true}]}}