{"id":2563,"date":"2024-12-24T12:40:10","date_gmt":"2024-12-24T12:40:10","guid":{"rendered":"https:\/\/doguhabertv.com\/?p=2563"},"modified":"2024-12-24T12:40:10","modified_gmt":"2024-12-24T12:40:10","slug":"igdirda-gece-trafik-kazasi","status":"publish","type":"post","link":"https:\/\/doguhabertv.com\/?p=2563","title":{"rendered":"I\u011fd\u0131r&#8217;da Gece Trafik Kazas\u0131"},"content":{"rendered":"<h2 id=\"spot\" class=\"mt10 haber_ozet\">I\u011fd\u0131r&#8217;da meydana gelen kazada bir ki\u015fi yaraland\u0131, ara\u00e7 kullan\u0131lamaz hale geldi.<\/h2>\n<p>&nbsp;<\/p>\n<p>I\u011fd\u0131r&#8217;da gece saatlerinde meydana gelen kazada 1 ki\u015fi yaralan\u0131rken ara\u00e7 kullan\u0131lamaz hale geldi.<\/p>\n<p>I\u011fd\u0131r&#8217;\u0131n\u00a0Konakl\u0131\u00a0Mahallesi TOK\u0130 mevkisinde gece saatlerinde meydana gelen\u00a0trafik\u00a0kazas\u0131nda 1 ki\u015fi yaraland\u0131. Edinilen bilgilere g\u00f6re, 34 ENS 076 plakal\u0131 2021 model ara\u00e7, kontrolden \u00e7\u0131karak kaza yapt\u0131. Ara\u00e7 i\u00e7inde s\u0131k\u0131\u015fan Muhammed Sefa Ba\u015ftemur, itfaiye ekiplerinin m\u00fcdahalesiyle bulundu\u011fu yerden \u00e7\u0131kar\u0131ld\u0131. Yaral\u0131 Ba\u015ftemur, sa\u011fl\u0131k ekiplerinin ilk m\u00fcdahalesinin ard\u0131ndan hastaneye sevk edildi. Kazan\u0131n ard\u0131ndan ara\u00e7 kullan\u0131lamaz hale gelirken, itfaiye ekipleri ara\u00e7 \u00fczerinde so\u011futma \u00e7al\u0131\u015fmas\u0131 yapt\u0131. Kaza ile ilgili soru\u015fturma ba\u015flat\u0131ld\u0131.<\/p>\n<p>&nbsp;<\/p>\n<p><strong>KAYNAK:SONDAK\u0130KA<\/strong><\/p>\n","protected":false},"excerpt":{"rendered":"<p>I\u011fd\u0131r&#8217;da meydana gelen kazada bir ki\u015fi yaraland\u0131, ara\u00e7 kullan\u0131lamaz hale geldi. &nbsp; I\u011fd\u0131r&#8217;da gece saatlerinde meydana gelen kazada 1 ki\u015fi yaralan\u0131rken ara\u00e7 kullan\u0131lamaz hale geldi. I\u011fd\u0131r&#8217;\u0131n\u00a0Konakl\u0131\u00a0Mahallesi TOK\u0130 mevkisinde gece saatlerinde meydana gelen\u00a0trafik\u00a0kazas\u0131nda 1 ki\u015fi yaraland\u0131. Edinilen bilgilere g\u00f6re, 34 ENS 076 plakal\u0131 2021 model ara\u00e7, kontrolden \u00e7\u0131karak kaza yapt\u0131. Ara\u00e7 i\u00e7inde s\u0131k\u0131\u015fan Muhammed Sefa Ba\u015ftemur, [&hellip;]<\/p>\n","protected":false},"author":1,"featured_media":2564,"comment_status":"open","ping_status":"closed","sticky":false,"template":"","format":"standard","meta":{"footnotes":""},"categories":[8,2300],"tags":[2326,2299,835,1135],"class_list":["post-2563","post","type-post","status-publish","format-standard","has-post-thumbnail","hentry","category-gundem","category-haber","tag-igdir","tag-yarali","tag-haber","tag-kaza"],"_links":{"self":[{"href":"https:\/\/doguhabertv.com\/index.php?rest_route=\/wp\/v2\/posts\/2563","targetHints":{"allow":["GET"]}}],"collection":[{"href":"https:\/\/doguhabertv.com\/index.php?rest_route=\/wp\/v2\/posts"}],"about":[{"href":"https:\/\/doguhabertv.com\/index.php?rest_route=\/wp\/v2\/types\/post"}],"author":[{"embeddable":true,"href":"https:\/\/doguhabertv.com\/index.php?rest_route=\/wp\/v2\/users\/1"}],"replies":[{"embeddable":true,"href":"https:\/\/doguhabertv.com\/index.php?rest_route=%2Fwp%2Fv2%2Fcomments&post=2563"}],"version-history":[{"count":1,"href":"https:\/\/doguhabertv.com\/index.php?rest_route=\/wp\/v2\/posts\/2563\/revisions"}],"predecessor-version":[{"id":2565,"href":"https:\/\/doguhabertv.com\/index.php?rest_route=\/wp\/v2\/posts\/2563\/revisions\/2565"}],"wp:featuredmedia":[{"embeddable":true,"href":"https:\/\/doguhabertv.com\/index.php?rest_route=\/wp\/v2\/media\/2564"}],"wp:attachment":[{"href":"https:\/\/doguhabertv.com\/index.php?rest_route=%2Fwp%2Fv2%2Fmedia&parent=2563"}],"wp:term":[{"taxonomy":"category","embeddable":true,"href":"https:\/\/doguhabertv.com\/index.php?rest_route=%2Fwp%2Fv2%2Fcategories&post=2563"},{"taxonomy":"post_tag","embeddable":true,"href":"https:\/\/doguhabertv.com\/index.php?rest_route=%2Fwp%2Fv2%2Ftags&post=2563"}],"curies":[{"name":"wp","href":"https:\/\/api.w.org\/{rel}","templated":true}]}}