{"id":2551,"date":"2024-12-24T12:24:44","date_gmt":"2024-12-24T12:24:44","guid":{"rendered":"https:\/\/doguhabertv.com\/?p=2551"},"modified":"2024-12-24T12:24:44","modified_gmt":"2024-12-24T12:24:44","slug":"agrida-koy-ogrencilerine-yardim-eli","status":"publish","type":"post","link":"https:\/\/doguhabertv.com\/?p=2551","title":{"rendered":"A\u011fr\u0131&#8217;da K\u00f6y \u00d6\u011frencilerine Yard\u0131m Eli"},"content":{"rendered":"<h2 id=\"spot\" class=\"mt10 haber_ozet\">A\u011fr\u0131&#8217;da k\u00f6y okulu \u00f6\u011frencilerine mont, bot hediye edildi; kuaf\u00f6rl\u00fck etkinlikleri yap\u0131ld\u0131.<\/h2>\n<p>A\u011fr\u0131&#8217;da k\u00f6y okulu \u00f6\u011frencilerine s\u0131cak bir dokunu\u015f<\/p>\n<p>A\u011eRI &#8211; K\u00f6y \u00c7ocuklar\u0131 Okusun Sosyal Yard\u0131mla\u015fma ve Dayan\u0131\u015fma Derne\u011fi ile A\u011fr\u0131&#8217;da faaliyet g\u00f6steren bir g\u00fczellik salonu, merkeze ba\u011fl\u0131 Karabo\u011fa k\u00f6y\u00fcnde unutulmaz bir yard\u0131m etkinli\u011fine imza att\u0131. Proje kapsam\u0131nda k\u00f6y okulundaki \u00e7ocuklara k\u0131\u015fl\u0131k mont ve bot gibi temel ihtiya\u00e7lar hediye edilirken, \u00e7e\u015fitli s\u00fcrprizlerle \u00e7ocuklar\u0131n y\u00fczleri g\u00fcld\u00fcr\u00fcld\u00fc. Havalar\u0131n so\u011fumas\u0131yla birlikte k\u00f6y \u00e7ocuklar\u0131n\u0131n ihtiya\u00e7lar\u0131n\u0131 kar\u015f\u0131lamak amac\u0131yla harekete ge\u00e7en g\u00f6n\u00fcll\u00fc ekip, dernek ve g\u00fczellik salonu i\u015fletmecisi Yaren Polat&#8217;\u0131n i\u015f birli\u011fiyle hem ihtiya\u00e7 sahibi \u00e7ocuklara yard\u0131m eli uzatt\u0131 hem de onlara keyifli bir g\u00fcn ya\u015fatt\u0131. \u00c7ocuklar i\u00e7in d\u00fczenlenen etkinlikte sa\u00e7 kesimi, \u00f6rg\u00fc ve ta\u00e7 tasar\u0131m\u0131 gibi kuaf\u00f6rl\u00fck hizmetleri sunulurken, g\u00f6n\u00fcll\u00fcler \u00e7ocuklara waffle haz\u0131rlayarak k\u00fc\u00e7\u00fck ama anlaml\u0131 mutluluklar arma\u011fan etti.<\/p>\n<p>&#8220;\u00c7ocuklar\u0131n Y\u00fcz\u00fcndeki Tebess\u00fcm En B\u00fcy\u00fck Kazanc\u0131m\u0131z&#8221; G\u00fczellik salonu i\u015fletmecisi Yaren Polat, projeye duydu\u011fu heyecan\u0131 \u015fu s\u00f6zlerle dile getirdi: &#8220;K\u0131\u015f mevsimiyle birlikte k\u00f6y okullar\u0131nda okuyan \u00e7ocuklar\u0131n ihtiya\u00e7lar\u0131n\u0131 kar\u015f\u0131lamak i\u00e7in dernekle el ele verdik. \u00c7ocuklar\u0131m\u0131za mont, bot gibi temel ihtiya\u00e7lar\u0131n\u0131 ula\u015ft\u0131rd\u0131k. Ayr\u0131ca kendi mesle\u011fimden gelen kuaf\u00f6rl\u00fck becerilerimi kullanarak sa\u00e7 kesimi, \u00f6rg\u00fc ve ta\u00e7 tasar\u0131m\u0131 gibi etkinlikler yapt\u0131k. Onlar\u0131n y\u00fcz\u00fcndeki tebess\u00fcm en b\u00fcy\u00fck mutlulu\u011fumuz. Herkesin, \u00f6zellikle k\u00f6y okullar\u0131ndaki \u00e7ocuklara destek olmas\u0131 gerekti\u011fine inan\u0131yorum.&#8221;<\/p>\n<p>&#8220;Yard\u0131mlar S\u00fcrekli Olmal\u0131 &#8220;Projede g\u00f6n\u00fcll\u00fc olarak yer alan Ye\u015fim Temel ise yard\u0131mlar\u0131n bir seferlik olmamas\u0131 gerekti\u011fini vurgulayarak \u015funlar\u0131 s\u00f6yledi: &#8220;Bu projeyle \u00e7ocuklar\u0131n k\u0131\u015fl\u0131k ihtiya\u00e7lar\u0131n\u0131 kar\u015f\u0131lamaya \u00e7al\u0131\u015ft\u0131k. Ancak ihtiya\u00e7lar s\u00fcrekli ve bu yard\u0131mlar\u0131n devam etmesi gerekiyor. \u00c7ocuklar\u0131n sadece fiziksel ihtiya\u00e7lar\u0131n\u0131 de\u011fil, g\u00f6n\u00fcllerini de ho\u015f etmek istedik. Onlara sa\u00e7 kesimi ve \u00f6rg\u00fc gibi hizmetler sunarak ufak mutluluklar ya\u015fatt\u0131k. Bu t\u00fcr projelere herkesin destek vermesi gerekti\u011fine inan\u0131yoruz.&#8221;<\/p>\n<p>\u00c7ocuklardan ve Velilerden Te\u015fekk\u00fcr Proje sayesinde bot ve mont sahibi olan \u00e7ocuklar, ya\u015fad\u0131klar\u0131 mutlulu\u011fu dile getirirken k\u00f6ydeki veliler de bu anlaml\u0131 yard\u0131mlar i\u00e7in derne\u011fe ve g\u00fczellik salonu ekibine te\u015fekk\u00fcr etti. Veliler, bu t\u00fcr projelerin devam etmesini temenni ederken, g\u00f6n\u00fcll\u00fcler toplumun her kesiminden destek beklediklerini ifade etti. A\u011fr\u0131&#8217;da ger\u00e7ekle\u015ftirilen bu anlaml\u0131 etkinlik, sadece \u00e7ocuklar\u0131n ihtiya\u00e7lar\u0131n\u0131 kar\u015f\u0131lamakla kalmay\u0131p onlara unutamayacaklar\u0131 bir g\u00fcn ya\u015fatarak k\u0131\u015f mevsimine s\u0131cak bir ba\u015flang\u0131\u00e7 yapt\u0131.<\/p>\n<p>&nbsp;<\/p>\n<p><strong>KAYNAK:SONDAK\u0130KA<\/strong><\/p>\n","protected":false},"excerpt":{"rendered":"<p>A\u011fr\u0131&#8217;da k\u00f6y okulu \u00f6\u011frencilerine mont, bot hediye edildi; kuaf\u00f6rl\u00fck etkinlikleri yap\u0131ld\u0131. A\u011fr\u0131&#8217;da k\u00f6y okulu \u00f6\u011frencilerine s\u0131cak bir dokunu\u015f A\u011eRI &#8211; K\u00f6y \u00c7ocuklar\u0131 Okusun Sosyal Yard\u0131mla\u015fma ve Dayan\u0131\u015fma Derne\u011fi ile A\u011fr\u0131&#8217;da faaliyet g\u00f6steren bir g\u00fczellik salonu, merkeze ba\u011fl\u0131 Karabo\u011fa k\u00f6y\u00fcnde unutulmaz bir yard\u0131m etkinli\u011fine imza att\u0131. Proje kapsam\u0131nda k\u00f6y okulundaki \u00e7ocuklara k\u0131\u015fl\u0131k mont ve bot gibi [&hellip;]<\/p>\n","protected":false},"author":1,"featured_media":2552,"comment_status":"open","ping_status":"closed","sticky":false,"template":"","format":"standard","meta":{"footnotes":""},"categories":[8,2300],"tags":[2341,58,835,887,2201],"class_list":["post-2551","post","type-post","status-publish","format-standard","has-post-thumbnail","hentry","category-gundem","category-haber","tag-ogrenciler","tag-agri","tag-haber","tag-hediye","tag-yardim"],"_links":{"self":[{"href":"https:\/\/doguhabertv.com\/index.php?rest_route=\/wp\/v2\/posts\/2551","targetHints":{"allow":["GET"]}}],"collection":[{"href":"https:\/\/doguhabertv.com\/index.php?rest_route=\/wp\/v2\/posts"}],"about":[{"href":"https:\/\/doguhabertv.com\/index.php?rest_route=\/wp\/v2\/types\/post"}],"author":[{"embeddable":true,"href":"https:\/\/doguhabertv.com\/index.php?rest_route=\/wp\/v2\/users\/1"}],"replies":[{"embeddable":true,"href":"https:\/\/doguhabertv.com\/index.php?rest_route=%2Fwp%2Fv2%2Fcomments&post=2551"}],"version-history":[{"count":1,"href":"https:\/\/doguhabertv.com\/index.php?rest_route=\/wp\/v2\/posts\/2551\/revisions"}],"predecessor-version":[{"id":2553,"href":"https:\/\/doguhabertv.com\/index.php?rest_route=\/wp\/v2\/posts\/2551\/revisions\/2553"}],"wp:featuredmedia":[{"embeddable":true,"href":"https:\/\/doguhabertv.com\/index.php?rest_route=\/wp\/v2\/media\/2552"}],"wp:attachment":[{"href":"https:\/\/doguhabertv.com\/index.php?rest_route=%2Fwp%2Fv2%2Fmedia&parent=2551"}],"wp:term":[{"taxonomy":"category","embeddable":true,"href":"https:\/\/doguhabertv.com\/index.php?rest_route=%2Fwp%2Fv2%2Fcategories&post=2551"},{"taxonomy":"post_tag","embeddable":true,"href":"https:\/\/doguhabertv.com\/index.php?rest_route=%2Fwp%2Fv2%2Ftags&post=2551"}],"curies":[{"name":"wp","href":"https:\/\/api.w.org\/{rel}","templated":true}]}}