{"id":2547,"date":"2024-12-23T11:48:15","date_gmt":"2024-12-23T11:48:15","guid":{"rendered":"https:\/\/doguhabertv.com\/?p=2547"},"modified":"2024-12-23T11:48:15","modified_gmt":"2024-12-23T11:48:15","slug":"artvinde-heyelan-karayolunu-kapatti","status":"publish","type":"post","link":"https:\/\/doguhabertv.com\/?p=2547","title":{"rendered":"Artvin&#8217;de Heyelan Karayolunu Kapatt\u0131"},"content":{"rendered":"<p>Artvin&#8217;de gece meydana gelen heyelan karayolunu ula\u015f\u0131ma kapatt\u0131<\/p>\n<p>ARTV\u0130N &#8211; Artvin-\u00a0Ardahan\u00a0karayolunun 22. kilometresinde heyelan meydana geldi. Dev kaya ve toprak par\u00e7alar\u0131 karayoluna d\u00fc\u015ft\u00fc,\u00a0trafik\u00a0ula\u015f\u0131ma kapand\u0131.<\/p>\n<p>Artvin-Ardahan karayolunun 22. kilometresindeki gece saatlerinde heyelan meydana geldi. Heyelan s\u0131ras\u0131nda \u015fans eseri can kayb\u0131 veya yaralanma ya\u015fanmazken, olay b\u00f6lgedeki ula\u015f\u0131m\u0131 aksatt\u0131. Karayolu \u00e7ift tarafl\u0131 ula\u015f\u0131ma kapan\u0131rken, ihbar \u00fczerine b\u00f6lgeye ekipler sevk edildi.<\/p>\n<div id=\"inpage_desktop\"><\/div>\n<p>G\u00fcvenlik\u00a0\u00f6nlemleri alt\u0131nda ba\u015flat\u0131lan temizlik \u00e7al\u0131\u015fmalar\u0131, yakla\u015f\u0131k iki saatlik yo\u011fun \u00e7aban\u0131n ard\u0131ndan tamamland\u0131. \u00c7al\u0131\u015fmalar\u0131n ard\u0131ndan yol, ekiplerin kontrol\u00fcnde yeniden ula\u015f\u0131ma a\u00e7\u0131ld\u0131.<\/p>\n<p>&nbsp;<\/p>\n<p><strong>KAYNAK:SONDAK\u0130KA<\/strong><\/p>\n","protected":false},"excerpt":{"rendered":"<p>Artvin&#8217;de gece meydana gelen heyelan karayolunu ula\u015f\u0131ma kapatt\u0131 ARTV\u0130N &#8211; Artvin-\u00a0Ardahan\u00a0karayolunun 22. kilometresinde heyelan meydana geldi. Dev kaya ve toprak par\u00e7alar\u0131 karayoluna d\u00fc\u015ft\u00fc,\u00a0trafik\u00a0ula\u015f\u0131ma kapand\u0131. Artvin-Ardahan karayolunun 22. kilometresindeki gece saatlerinde heyelan meydana geldi. Heyelan s\u0131ras\u0131nda \u015fans eseri can kayb\u0131 veya yaralanma ya\u015fanmazken, olay b\u00f6lgedeki ula\u015f\u0131m\u0131 aksatt\u0131. Karayolu \u00e7ift tarafl\u0131 ula\u015f\u0131ma kapan\u0131rken, ihbar \u00fczerine b\u00f6lgeye ekipler [&hellip;]<\/p>\n","protected":false},"author":1,"featured_media":2549,"comment_status":"open","ping_status":"closed","sticky":false,"template":"","format":"standard","meta":{"footnotes":""},"categories":[8,2300],"tags":[2338,2339,2340,835],"class_list":["post-2547","post","type-post","status-publish","format-standard","has-post-thumbnail","hentry","category-gundem","category-haber","tag-artvin","tag-heyelan","tag-karayol","tag-haber"],"_links":{"self":[{"href":"https:\/\/doguhabertv.com\/index.php?rest_route=\/wp\/v2\/posts\/2547","targetHints":{"allow":["GET"]}}],"collection":[{"href":"https:\/\/doguhabertv.com\/index.php?rest_route=\/wp\/v2\/posts"}],"about":[{"href":"https:\/\/doguhabertv.com\/index.php?rest_route=\/wp\/v2\/types\/post"}],"author":[{"embeddable":true,"href":"https:\/\/doguhabertv.com\/index.php?rest_route=\/wp\/v2\/users\/1"}],"replies":[{"embeddable":true,"href":"https:\/\/doguhabertv.com\/index.php?rest_route=%2Fwp%2Fv2%2Fcomments&post=2547"}],"version-history":[{"count":1,"href":"https:\/\/doguhabertv.com\/index.php?rest_route=\/wp\/v2\/posts\/2547\/revisions"}],"predecessor-version":[{"id":2550,"href":"https:\/\/doguhabertv.com\/index.php?rest_route=\/wp\/v2\/posts\/2547\/revisions\/2550"}],"wp:featuredmedia":[{"embeddable":true,"href":"https:\/\/doguhabertv.com\/index.php?rest_route=\/wp\/v2\/media\/2549"}],"wp:attachment":[{"href":"https:\/\/doguhabertv.com\/index.php?rest_route=%2Fwp%2Fv2%2Fmedia&parent=2547"}],"wp:term":[{"taxonomy":"category","embeddable":true,"href":"https:\/\/doguhabertv.com\/index.php?rest_route=%2Fwp%2Fv2%2Fcategories&post=2547"},{"taxonomy":"post_tag","embeddable":true,"href":"https:\/\/doguhabertv.com\/index.php?rest_route=%2Fwp%2Fv2%2Ftags&post=2547"}],"curies":[{"name":"wp","href":"https:\/\/api.w.org\/{rel}","templated":true}]}}