{"id":2541,"date":"2024-12-23T11:42:30","date_gmt":"2024-12-23T11:42:30","guid":{"rendered":"https:\/\/doguhabertv.com\/?p=2541"},"modified":"2024-12-23T11:42:30","modified_gmt":"2024-12-23T11:42:30","slug":"mardinde-insaattan-dusen-isci-hayatini-kaybetti","status":"publish","type":"post","link":"https:\/\/doguhabertv.com\/?p=2541","title":{"rendered":"Mardin&#8217;de \u0130n\u015faattan D\u00fc\u015fen \u0130\u015f\u00e7i Hayat\u0131n\u0131 Kaybetti"},"content":{"rendered":"<h2 id=\"spot\" class=\"mt10 haber_ozet\">Artuklu&#8217;da in\u015faatta \u00e7al\u0131\u015fan Bilal G\u00fcm\u00fc\u015f, 6. kattan d\u00fc\u015ferek hayat\u0131n\u0131 kaybetti.<\/h2>\n<p>Mardin&#8217;in\u00a0Artuklu\u00a0il\u00e7esinde in\u015faattan d\u00fc\u015fen i\u015f\u00e7i hayat\u0131n\u0131 kaybetti.<\/p>\n<p>Edinilen bilgiye g\u00f6re olay, d\u00fcn ak\u015fam saatlerinde\u00a0Yeni\u015fehir\u00a0Mahallesinde meydana geldi. Bir binan\u0131n in\u015faat\u0131nda \u00e7al\u0131\u015fan\u00a0Bilal G\u00fcm\u00fc\u015f\u00a0(44) dengesini kaybederek 6&#8217;nc\u0131 kattan zemine d\u00fc\u015ft\u00fc. \u0130hbar \u00fczerine b\u00f6lgeye 112 Acil Sa\u011fl\u0131k ve polis ekipleri sevk edildi.<\/p>\n<div id=\"inpage_desktop\"><\/div>\n<p>Sa\u011fl\u0131k ekipleri, G\u00fcm\u00fc\u015f&#8217;\u00fcn olay yerinde hayat\u0131n\u0131 kaybetti\u011fini belirledi.\u00a0Kaza\u00a0ile ilgili inceleme ba\u015flat\u0131ld\u0131.<\/p>\n<p><strong>KAYNAK:SONDAK\u0130KA<\/strong><\/p>\n","protected":false},"excerpt":{"rendered":"<p>Artuklu&#8217;da in\u015faatta \u00e7al\u0131\u015fan Bilal G\u00fcm\u00fc\u015f, 6. kattan d\u00fc\u015ferek hayat\u0131n\u0131 kaybetti. Mardin&#8217;in\u00a0Artuklu\u00a0il\u00e7esinde in\u015faattan d\u00fc\u015fen i\u015f\u00e7i hayat\u0131n\u0131 kaybetti. Edinilen bilgiye g\u00f6re olay, d\u00fcn ak\u015fam saatlerinde\u00a0Yeni\u015fehir\u00a0Mahallesinde meydana geldi. Bir binan\u0131n in\u015faat\u0131nda \u00e7al\u0131\u015fan\u00a0Bilal G\u00fcm\u00fc\u015f\u00a0(44) dengesini kaybederek 6&#8217;nc\u0131 kattan zemine d\u00fc\u015ft\u00fc. \u0130hbar \u00fczerine b\u00f6lgeye 112 Acil Sa\u011fl\u0131k ve polis ekipleri sevk edildi. Sa\u011fl\u0131k ekipleri, G\u00fcm\u00fc\u015f&#8217;\u00fcn olay yerinde hayat\u0131n\u0131 kaybetti\u011fini belirledi.\u00a0Kaza\u00a0ile [&hellip;]<\/p>\n","protected":false},"author":1,"featured_media":2542,"comment_status":"open","ping_status":"closed","sticky":false,"template":"","format":"standard","meta":{"footnotes":""},"categories":[8,2300],"tags":[2336,835,1336,1530],"class_list":["post-2541","post","type-post","status-publish","format-standard","has-post-thumbnail","hentry","category-gundem","category-haber","tag-insaat","tag-haber","tag-mardin","tag-olu"],"_links":{"self":[{"href":"https:\/\/doguhabertv.com\/index.php?rest_route=\/wp\/v2\/posts\/2541","targetHints":{"allow":["GET"]}}],"collection":[{"href":"https:\/\/doguhabertv.com\/index.php?rest_route=\/wp\/v2\/posts"}],"about":[{"href":"https:\/\/doguhabertv.com\/index.php?rest_route=\/wp\/v2\/types\/post"}],"author":[{"embeddable":true,"href":"https:\/\/doguhabertv.com\/index.php?rest_route=\/wp\/v2\/users\/1"}],"replies":[{"embeddable":true,"href":"https:\/\/doguhabertv.com\/index.php?rest_route=%2Fwp%2Fv2%2Fcomments&post=2541"}],"version-history":[{"count":1,"href":"https:\/\/doguhabertv.com\/index.php?rest_route=\/wp\/v2\/posts\/2541\/revisions"}],"predecessor-version":[{"id":2543,"href":"https:\/\/doguhabertv.com\/index.php?rest_route=\/wp\/v2\/posts\/2541\/revisions\/2543"}],"wp:featuredmedia":[{"embeddable":true,"href":"https:\/\/doguhabertv.com\/index.php?rest_route=\/wp\/v2\/media\/2542"}],"wp:attachment":[{"href":"https:\/\/doguhabertv.com\/index.php?rest_route=%2Fwp%2Fv2%2Fmedia&parent=2541"}],"wp:term":[{"taxonomy":"category","embeddable":true,"href":"https:\/\/doguhabertv.com\/index.php?rest_route=%2Fwp%2Fv2%2Fcategories&post=2541"},{"taxonomy":"post_tag","embeddable":true,"href":"https:\/\/doguhabertv.com\/index.php?rest_route=%2Fwp%2Fv2%2Ftags&post=2541"}],"curies":[{"name":"wp","href":"https:\/\/api.w.org\/{rel}","templated":true}]}}