{"id":2523,"date":"2024-12-21T12:56:28","date_gmt":"2024-12-21T12:56:28","guid":{"rendered":"https:\/\/doguhabertv.com\/?p=2523"},"modified":"2024-12-21T12:56:28","modified_gmt":"2024-12-21T12:56:28","slug":"14-yasindaki-surucu-cipiyle-otomobile-carpti-1-olu","status":"publish","type":"post","link":"https:\/\/doguhabertv.com\/?p=2523","title":{"rendered":"14 ya\u015f\u0131ndaki s\u00fcr\u00fcc\u00fc cipiyle otomobile \u00e7arpt\u0131: 1 \u00f6l\u00fc"},"content":{"rendered":"<h2 id=\"content\" class=\"content font-normal text-gray-700 text-xl lg:text-2xl leading-6 mb-8 mt-8 block \">Adana\u2019da 14 ya\u015f\u0131ndaki s\u00fcr\u00fcc\u00fc kulland\u0131\u011f\u0131 cip ile arkadan bir otomobile \u00e7arpt\u0131, o anlar anbean g\u00fcvenlik kameras\u0131na yans\u0131d\u0131. Fiat marka otomobil kazada hurdaya d\u00f6nerken s\u00fcr\u00fcc\u00fcs\u00fc hayat\u0131n\u0131 kaybetti.<\/h2>\n<div id=\"content\" class=\"content news-detail__content font-normal text-gray-45 text-base font-setting\">\n<p>Kaza, \u00c7ukurova il\u00e7esine ba\u011fl\u0131 \u015eambayad\u0131 Mahallesi Prof. Dr. Necmettin Erbakan Bulvar\u0131\u2019nda meydana geldi. \u0130ddiaya g\u00f6re, Ercan Tezkorkmaz (50) kulland\u0131\u011f\u0131 06 DT 5069 plakal\u0131 Fiat marka otomobili ile ref\u00fcjden yola \u00e7\u0131kt\u0131.<\/p>\n<p>Bu s\u0131rada a\u015f\u0131r\u0131 h\u0131zl\u0131 gelen 14 ya\u015f\u0131ndaki A.T., kulland\u0131\u011f\u0131 80 DT 099 plakal\u0131 Mercedes marka cip ile Tezkorkmaz\u2019\u0131n otomobiline arkadan \u00e7arpt\u0131. \u0130hbar \u00fczerine b\u00f6lgeye sa\u011fl\u0131k, itfaiye ve polis ekipleri sevk edildi. Kaza an\u0131 ise anbean g\u00fcvenlik kameralar\u0131na yans\u0131d\u0131.<\/p>\n<p><img loading=\"lazy\" decoding=\"async\" class=\"\" src=\"https:\/\/cdn.iha.com.tr\/Contents\/24-12\/21\/aw354982_01-1734783350.jpg\" alt=\"14 ya\u015f\u0131ndaki s\u00fcr\u00fcc\u00fc cipiyle otomobile \u00e7arpt\u0131: 1 \u00f6l\u00fc\" width=\"592\" height=\"333\" \/><\/p>\n<p>Ercan Tezkorkmaz, hurdaya d\u00f6nen otomobilinin i\u00e7erisinde s\u0131k\u0131\u015ft\u0131. \u0130tfaiye ekipleri Tezkorkmaz\u2019\u0131 ara\u00e7tan \u00e7\u0131kard\u0131 ancak sa\u011fl\u0131k ekiplerinin m\u00fcdahalesine ra\u011fmen Tezkorkmaz hayat\u0131n\u0131 kaybetti.<\/p>\n<p><img loading=\"lazy\" decoding=\"async\" class=\"\" src=\"https:\/\/cdn.iha.com.tr\/Contents\/24-12\/21\/aw354982_07.jpg\" alt=\"14 ya\u015f\u0131ndaki s\u00fcr\u00fcc\u00fc cipiyle otomobile \u00e7arpt\u0131: 1 \u00f6l\u00fc\" width=\"597\" height=\"336\" \/><\/p>\n<p>14 ya\u015f\u0131ndaki s\u00fcr\u00fcc\u00fc A.T. ise g\u00f6zalt\u0131na al\u0131nd\u0131.<\/p>\n<p><strong>KAYNAK:\u0130HA<\/strong><\/p>\n<\/div>\n","protected":false},"excerpt":{"rendered":"<p>Adana\u2019da 14 ya\u015f\u0131ndaki s\u00fcr\u00fcc\u00fc kulland\u0131\u011f\u0131 cip ile arkadan bir otomobile \u00e7arpt\u0131, o anlar anbean g\u00fcvenlik kameras\u0131na yans\u0131d\u0131. Fiat marka otomobil kazada hurdaya d\u00f6nerken s\u00fcr\u00fcc\u00fcs\u00fc hayat\u0131n\u0131 kaybetti. Kaza, \u00c7ukurova il\u00e7esine ba\u011fl\u0131 \u015eambayad\u0131 Mahallesi Prof. Dr. Necmettin Erbakan Bulvar\u0131\u2019nda meydana geldi. \u0130ddiaya g\u00f6re, Ercan Tezkorkmaz (50) kulland\u0131\u011f\u0131 06 DT 5069 plakal\u0131 Fiat marka otomobili ile ref\u00fcjden yola [&hellip;]<\/p>\n","protected":false},"author":1,"featured_media":2524,"comment_status":"open","ping_status":"closed","sticky":false,"template":"","format":"standard","meta":{"footnotes":""},"categories":[8,2300],"tags":[2317,835,1135,1530],"class_list":["post-2523","post","type-post","status-publish","format-standard","has-post-thumbnail","hentry","category-gundem","category-haber","tag-adana","tag-haber","tag-kaza","tag-olu"],"_links":{"self":[{"href":"https:\/\/doguhabertv.com\/index.php?rest_route=\/wp\/v2\/posts\/2523","targetHints":{"allow":["GET"]}}],"collection":[{"href":"https:\/\/doguhabertv.com\/index.php?rest_route=\/wp\/v2\/posts"}],"about":[{"href":"https:\/\/doguhabertv.com\/index.php?rest_route=\/wp\/v2\/types\/post"}],"author":[{"embeddable":true,"href":"https:\/\/doguhabertv.com\/index.php?rest_route=\/wp\/v2\/users\/1"}],"replies":[{"embeddable":true,"href":"https:\/\/doguhabertv.com\/index.php?rest_route=%2Fwp%2Fv2%2Fcomments&post=2523"}],"version-history":[{"count":1,"href":"https:\/\/doguhabertv.com\/index.php?rest_route=\/wp\/v2\/posts\/2523\/revisions"}],"predecessor-version":[{"id":2525,"href":"https:\/\/doguhabertv.com\/index.php?rest_route=\/wp\/v2\/posts\/2523\/revisions\/2525"}],"wp:featuredmedia":[{"embeddable":true,"href":"https:\/\/doguhabertv.com\/index.php?rest_route=\/wp\/v2\/media\/2524"}],"wp:attachment":[{"href":"https:\/\/doguhabertv.com\/index.php?rest_route=%2Fwp%2Fv2%2Fmedia&parent=2523"}],"wp:term":[{"taxonomy":"category","embeddable":true,"href":"https:\/\/doguhabertv.com\/index.php?rest_route=%2Fwp%2Fv2%2Fcategories&post=2523"},{"taxonomy":"post_tag","embeddable":true,"href":"https:\/\/doguhabertv.com\/index.php?rest_route=%2Fwp%2Fv2%2Ftags&post=2523"}],"curies":[{"name":"wp","href":"https:\/\/api.w.org\/{rel}","templated":true}]}}