{"id":2520,"date":"2024-12-21T09:07:14","date_gmt":"2024-12-21T09:07:14","guid":{"rendered":"https:\/\/doguhabertv.com\/?p=2520"},"modified":"2024-12-21T09:07:14","modified_gmt":"2024-12-21T09:07:14","slug":"diyarbakirda-13-aracin-karistigi-kazada-9-kisi-yaralandi","status":"publish","type":"post","link":"https:\/\/doguhabertv.com\/?p=2520","title":{"rendered":"Diyarbak\u0131r\u2019da 13 arac\u0131n kar\u0131\u015ft\u0131\u011f\u0131 kazada 9 ki\u015fi yaraland\u0131"},"content":{"rendered":"<p>Diyarbak\u0131r-Elaz\u0131\u011f kara yolunda sis nedeniyle 13 arac\u0131n kar\u0131\u015ft\u0131\u011f\u0131 zincirleme kazada 9 ki\u015fi yaraland\u0131.<\/p>\n<p>&nbsp;<\/p>\n<p>Elaz\u0131\u011f yolu \u00fczerine Devege\u00e7idi K\u00f6pr\u00fcs\u00fc \u00fczerinde sis nedeniyle 06 FY 8624 Hyundai marka, 21 AEM 495 Fiat marka, 21 BJ 627 plakal\u0131 Opel marka, 06 HB 0752, 34 GEM 025, 01 TM 749, 21 AEU 549, 34 PC 5926, 34 BKM 194 ve plakalar\u0131 \u00f6\u011frenilmeyen 4 ara\u00e7 ile birlikte toplam 13 arac\u0131n kar\u0131\u015ft\u0131\u011f\u0131 zincirleme kazada 9 ki\u015fi hafif yaraland\u0131. \u0130hbar \u00fczerine olay yerine polis, jandarma ve sa\u011fl\u0131k ekipleri sevk edildi. Yaral\u0131lar, sa\u011fl\u0131k ekiplerinin ilk m\u00fcdahalesinin ard\u0131ndan kentteki hastanelere sevk edildi. Ara\u00e7lar \u00e7ekici yard\u0131m\u0131yla yoldan kald\u0131r\u0131ld\u0131. Polis ve jandarma ula\u015f\u0131m\u0131 kontroll\u00fc sa\u011flad\u0131.<\/p>\n<p>&nbsp;<\/p>\n<p><img loading=\"lazy\" decoding=\"async\" class=\"\" src=\"https:\/\/cdn.iha.com.tr\/Contents\/images\/2024\/12\/21\/20241221aw354775-6.jpg\" alt=\"Diyarbak\u0131r\u2019da 13 arac\u0131n kar\u0131\u015ft\u0131\u011f\u0131 kazada 9 ki\u015fi yaraland\u0131\n\" width=\"695\" height=\"391\" \/><\/p>\n<p><strong>KAYNAK:\u0130HA<\/strong><\/p>\n","protected":false},"excerpt":{"rendered":"<p>Diyarbak\u0131r-Elaz\u0131\u011f kara yolunda sis nedeniyle 13 arac\u0131n kar\u0131\u015ft\u0131\u011f\u0131 zincirleme kazada 9 ki\u015fi yaraland\u0131. &nbsp; Elaz\u0131\u011f yolu \u00fczerine Devege\u00e7idi K\u00f6pr\u00fcs\u00fc \u00fczerinde sis nedeniyle 06 FY 8624 Hyundai marka, 21 AEM 495 Fiat marka, 21 BJ 627 plakal\u0131 Opel marka, 06 HB 0752, 34 GEM 025, 01 TM 749, 21 AEU 549, 34 PC 5926, 34 BKM [&hellip;]<\/p>\n","protected":false},"author":1,"featured_media":2521,"comment_status":"open","ping_status":"closed","sticky":false,"template":"","format":"standard","meta":{"footnotes":""},"categories":[8,2300],"tags":[2324,2332,592,1135],"class_list":["post-2520","post","type-post","status-publish","format-standard","has-post-thumbnail","hentry","category-gundem","category-haber","tag-diyarbakir","tag-yaralanma","tag-elazig","tag-kaza"],"_links":{"self":[{"href":"https:\/\/doguhabertv.com\/index.php?rest_route=\/wp\/v2\/posts\/2520","targetHints":{"allow":["GET"]}}],"collection":[{"href":"https:\/\/doguhabertv.com\/index.php?rest_route=\/wp\/v2\/posts"}],"about":[{"href":"https:\/\/doguhabertv.com\/index.php?rest_route=\/wp\/v2\/types\/post"}],"author":[{"embeddable":true,"href":"https:\/\/doguhabertv.com\/index.php?rest_route=\/wp\/v2\/users\/1"}],"replies":[{"embeddable":true,"href":"https:\/\/doguhabertv.com\/index.php?rest_route=%2Fwp%2Fv2%2Fcomments&post=2520"}],"version-history":[{"count":1,"href":"https:\/\/doguhabertv.com\/index.php?rest_route=\/wp\/v2\/posts\/2520\/revisions"}],"predecessor-version":[{"id":2522,"href":"https:\/\/doguhabertv.com\/index.php?rest_route=\/wp\/v2\/posts\/2520\/revisions\/2522"}],"wp:featuredmedia":[{"embeddable":true,"href":"https:\/\/doguhabertv.com\/index.php?rest_route=\/wp\/v2\/media\/2521"}],"wp:attachment":[{"href":"https:\/\/doguhabertv.com\/index.php?rest_route=%2Fwp%2Fv2%2Fmedia&parent=2520"}],"wp:term":[{"taxonomy":"category","embeddable":true,"href":"https:\/\/doguhabertv.com\/index.php?rest_route=%2Fwp%2Fv2%2Fcategories&post=2520"},{"taxonomy":"post_tag","embeddable":true,"href":"https:\/\/doguhabertv.com\/index.php?rest_route=%2Fwp%2Fv2%2Ftags&post=2520"}],"curies":[{"name":"wp","href":"https:\/\/api.w.org\/{rel}","templated":true}]}}