{"id":2510,"date":"2024-12-20T14:24:44","date_gmt":"2024-12-20T14:24:44","guid":{"rendered":"https:\/\/doguhabertv.com\/?p=2510"},"modified":"2024-12-20T14:24:44","modified_gmt":"2024-12-20T14:24:44","slug":"muglada-esi-senem-kivraki-bicaklayarak-olduren-zanli-cezaevinde-yasamina-son-verdi","status":"publish","type":"post","link":"https:\/\/doguhabertv.com\/?p=2510","title":{"rendered":"Mu\u011fla\u2019da e\u015fi Senem K\u0131vrak\u2019\u0131 b\u0131\u00e7aklayarak \u00f6ld\u00fcren zanl\u0131 cezaevinde ya\u015fam\u0131na son verdi"},"content":{"rendered":"<p>Mu\u011fla\u2019da e\u015fi Senem K\u0131vrak\u2019\u0131 b\u0131\u00e7aklayarak \u00f6ld\u00fcren tutuklu Muhittin K\u0131vrak\u2019\u0131n sabah saatlerinde cezaevinde ya\u015fam\u0131na son verdi\u011fi \u00f6\u011frenildi.<\/p>\n<p>&nbsp;<\/p>\n<p>Mu\u011fla\u2019da ya\u015fayan Senem K\u0131vrak (40), 26 A\u011fustos\u2019ta mahkemeden uzakla\u015ft\u0131rma karar\u0131 ald\u0131rd\u0131\u011f\u0131 e\u015fi Muhittin K\u0131vrak (43) ile konu\u015fmak i\u00e7in bir araya geldi. Talihsiz kad\u0131n \u00e7\u0131kan tart\u0131\u015fma sonucu Muhittin K\u0131vrak taraf\u0131ndan ba\u015f\u0131na sert bir cisimle vurulup kar\u0131n b\u00f6lgesinden b\u0131\u00e7aklanarak \u00f6ld\u00fcr\u00fcld\u00fc. Olay sonras\u0131 ormanl\u0131k alana ka\u00e7an katil zanl\u0131s\u0131 koca polis ekiplerince yakalanarak mahkemece \u201ce\u015fe kar\u015f\u0131 kasten \u00f6ld\u00fcrme\u201d su\u00e7undan tutuklanarak Burdur E Tipi Kapal\u0131 Cezaevine g\u00f6nderildi.<\/p>\n<p>&nbsp;<\/p>\n<p>Senem K\u0131vrak\u2019\u0131n cenazesi ise kad\u0131nlar\u0131n omzunda ta\u015f\u0131narak g\u00f6zya\u015flar\u0131 i\u00e7inde topra\u011fa verildi.<\/p>\n<p>&nbsp;<\/p>\n<p>Yarg\u0131land\u0131\u011f\u0131 cinayet davas\u0131n\u0131n duru\u015fmas\u0131 27 Aral\u0131k\u2019ta g\u00f6r\u00fclecek olan zanl\u0131 Muhittin K\u0131vrak sabah saatlerinde tutuklu oldu\u011fu cezaevi tuvaletinde \u00f6l\u00fc bulundu. K\u0131vrak\u2019\u0131n ya\u015fam\u0131na son verdi\u011fi \u00f6\u011frenildi. Konu ile ilgili inceleme ba\u015flat\u0131ld\u0131.<\/p>\n<p><img loading=\"lazy\" decoding=\"async\" class=\"\" src=\"https:\/\/cdn.iha.com.tr\/Contents\/images\/2024\/12\/20\/20241220aw354184-6.jpg\" alt=\"Mu\u011fla\u2019da e\u015fi Senem K\u0131vrak\u2019\u0131 b\u0131\u00e7aklayarak \u00f6ld\u00fcren zanl\u0131 cezaevinde ya\u015fam\u0131na son verdi\n\" width=\"474\" height=\"474\" \/><\/p>\n<p><strong>KAYNAK:\u0130HA<\/strong><\/p>\n","protected":false},"excerpt":{"rendered":"<p>Mu\u011fla\u2019da e\u015fi Senem K\u0131vrak\u2019\u0131 b\u0131\u00e7aklayarak \u00f6ld\u00fcren tutuklu Muhittin K\u0131vrak\u2019\u0131n sabah saatlerinde cezaevinde ya\u015fam\u0131na son verdi\u011fi \u00f6\u011frenildi. &nbsp; Mu\u011fla\u2019da ya\u015fayan Senem K\u0131vrak (40), 26 A\u011fustos\u2019ta mahkemeden uzakla\u015ft\u0131rma karar\u0131 ald\u0131rd\u0131\u011f\u0131 e\u015fi Muhittin K\u0131vrak (43) ile konu\u015fmak i\u00e7in bir araya geldi. Talihsiz kad\u0131n \u00e7\u0131kan tart\u0131\u015fma sonucu Muhittin K\u0131vrak taraf\u0131ndan ba\u015f\u0131na sert bir cisimle vurulup kar\u0131n b\u00f6lgesinden b\u0131\u00e7aklanarak \u00f6ld\u00fcr\u00fcld\u00fc. [&hellip;]<\/p>\n","protected":false},"author":1,"featured_media":2511,"comment_status":"open","ping_status":"closed","sticky":false,"template":"","format":"standard","meta":{"footnotes":""},"categories":[8,2300],"tags":[2323,2320,410,835,1442,1530],"class_list":["post-2510","post","type-post","status-publish","format-standard","has-post-thumbnail","hentry","category-gundem","category-haber","tag-hapis","tag-yakalanma","tag-cinayet","tag-haber","tag-mugla","tag-olu"],"_links":{"self":[{"href":"https:\/\/doguhabertv.com\/index.php?rest_route=\/wp\/v2\/posts\/2510","targetHints":{"allow":["GET"]}}],"collection":[{"href":"https:\/\/doguhabertv.com\/index.php?rest_route=\/wp\/v2\/posts"}],"about":[{"href":"https:\/\/doguhabertv.com\/index.php?rest_route=\/wp\/v2\/types\/post"}],"author":[{"embeddable":true,"href":"https:\/\/doguhabertv.com\/index.php?rest_route=\/wp\/v2\/users\/1"}],"replies":[{"embeddable":true,"href":"https:\/\/doguhabertv.com\/index.php?rest_route=%2Fwp%2Fv2%2Fcomments&post=2510"}],"version-history":[{"count":1,"href":"https:\/\/doguhabertv.com\/index.php?rest_route=\/wp\/v2\/posts\/2510\/revisions"}],"predecessor-version":[{"id":2512,"href":"https:\/\/doguhabertv.com\/index.php?rest_route=\/wp\/v2\/posts\/2510\/revisions\/2512"}],"wp:featuredmedia":[{"embeddable":true,"href":"https:\/\/doguhabertv.com\/index.php?rest_route=\/wp\/v2\/media\/2511"}],"wp:attachment":[{"href":"https:\/\/doguhabertv.com\/index.php?rest_route=%2Fwp%2Fv2%2Fmedia&parent=2510"}],"wp:term":[{"taxonomy":"category","embeddable":true,"href":"https:\/\/doguhabertv.com\/index.php?rest_route=%2Fwp%2Fv2%2Fcategories&post=2510"},{"taxonomy":"post_tag","embeddable":true,"href":"https:\/\/doguhabertv.com\/index.php?rest_route=%2Fwp%2Fv2%2Ftags&post=2510"}],"curies":[{"name":"wp","href":"https:\/\/api.w.org\/{rel}","templated":true}]}}