{"id":2497,"date":"2024-12-20T13:28:14","date_gmt":"2024-12-20T13:28:14","guid":{"rendered":"https:\/\/doguhabertv.com\/?p=2497"},"modified":"2024-12-20T13:28:14","modified_gmt":"2024-12-20T13:28:14","slug":"diyarbakir-adliyesi-onunde-kavga","status":"publish","type":"post","link":"https:\/\/doguhabertv.com\/?p=2497","title":{"rendered":"Diyarbak\u0131r Adliyesi \u00d6n\u00fcnde Kavga"},"content":{"rendered":"<h2 id=\"spot\" class=\"mt10 haber_ozet\">Diyarbak\u0131r&#8217;da duru\u015fma \u00e7\u0131k\u0131\u015f\u0131 kar\u015f\u0131la\u015fan iki grup aras\u0131nda \u00e7\u0131kan tart\u0131\u015fma, kavgaya d\u00f6n\u00fc\u015ferek cep telefonu kameras\u0131na yans\u0131d\u0131.<\/h2>\n<p>D\u0130YARBAKIR&#8217;da duru\u015fma \u00e7\u0131k\u0131\u015f\u0131 adliye \u00f6n\u00fcnde kar\u015f\u0131la\u015fan 2 taraf aras\u0131nda \u00e7\u0131kan kavga, cep telefonu kameras\u0131na yans\u0131d\u0131.<\/p>\n<p>Olay, \u00f6\u011fle saatlerinde\u00a0Diyarbak\u0131r\u00a0Adliyesi \u00f6n\u00fcnde meydana geldi. Duru\u015fma \u00e7\u0131k\u0131\u015f\u0131, adliye \u00f6n\u00fcnde kar\u015f\u0131la\u015fan 2 grup aras\u0131nda hen\u00fcz bilinmeyen bir nedenle tart\u0131\u015fma \u00e7\u0131kt\u0131. Tart\u0131\u015fma k\u0131sa s\u00fcrede b\u00fcy\u00fcyerek tekmeli, yumruklu kavgaya d\u00f6n\u00fc\u015ft\u00fc. \u00c7evredekilerin araya girmesiyle kavga sonland\u0131. O anlar, cep telefonu kameras\u0131yla g\u00f6r\u00fcnt\u00fclendi.<\/p>\n<p>&nbsp;<\/p>\n<p><strong>KAYNAK:SONDAK\u0130KA<\/strong><\/p>\n","protected":false},"excerpt":{"rendered":"<p>Diyarbak\u0131r&#8217;da duru\u015fma \u00e7\u0131k\u0131\u015f\u0131 kar\u015f\u0131la\u015fan iki grup aras\u0131nda \u00e7\u0131kan tart\u0131\u015fma, kavgaya d\u00f6n\u00fc\u015ferek cep telefonu kameras\u0131na yans\u0131d\u0131. D\u0130YARBAKIR&#8217;da duru\u015fma \u00e7\u0131k\u0131\u015f\u0131 adliye \u00f6n\u00fcnde kar\u015f\u0131la\u015fan 2 taraf aras\u0131nda \u00e7\u0131kan kavga, cep telefonu kameras\u0131na yans\u0131d\u0131. Olay, \u00f6\u011fle saatlerinde\u00a0Diyarbak\u0131r\u00a0Adliyesi \u00f6n\u00fcnde meydana geldi. Duru\u015fma \u00e7\u0131k\u0131\u015f\u0131, adliye \u00f6n\u00fcnde kar\u015f\u0131la\u015fan 2 grup aras\u0131nda hen\u00fcz bilinmeyen bir nedenle tart\u0131\u015fma \u00e7\u0131kt\u0131. Tart\u0131\u015fma k\u0131sa s\u00fcrede b\u00fcy\u00fcyerek tekmeli, [&hellip;]<\/p>\n","protected":false},"author":1,"featured_media":2498,"comment_status":"open","ping_status":"closed","sticky":false,"template":"","format":"standard","meta":{"footnotes":""},"categories":[8,2300],"tags":[2325,2324,835,1125],"class_list":["post-2497","post","type-post","status-publish","format-standard","has-post-thumbnail","hentry","category-gundem","category-haber","tag-adliye","tag-diyarbakir","tag-haber","tag-kavga"],"_links":{"self":[{"href":"https:\/\/doguhabertv.com\/index.php?rest_route=\/wp\/v2\/posts\/2497","targetHints":{"allow":["GET"]}}],"collection":[{"href":"https:\/\/doguhabertv.com\/index.php?rest_route=\/wp\/v2\/posts"}],"about":[{"href":"https:\/\/doguhabertv.com\/index.php?rest_route=\/wp\/v2\/types\/post"}],"author":[{"embeddable":true,"href":"https:\/\/doguhabertv.com\/index.php?rest_route=\/wp\/v2\/users\/1"}],"replies":[{"embeddable":true,"href":"https:\/\/doguhabertv.com\/index.php?rest_route=%2Fwp%2Fv2%2Fcomments&post=2497"}],"version-history":[{"count":1,"href":"https:\/\/doguhabertv.com\/index.php?rest_route=\/wp\/v2\/posts\/2497\/revisions"}],"predecessor-version":[{"id":2499,"href":"https:\/\/doguhabertv.com\/index.php?rest_route=\/wp\/v2\/posts\/2497\/revisions\/2499"}],"wp:featuredmedia":[{"embeddable":true,"href":"https:\/\/doguhabertv.com\/index.php?rest_route=\/wp\/v2\/media\/2498"}],"wp:attachment":[{"href":"https:\/\/doguhabertv.com\/index.php?rest_route=%2Fwp%2Fv2%2Fmedia&parent=2497"}],"wp:term":[{"taxonomy":"category","embeddable":true,"href":"https:\/\/doguhabertv.com\/index.php?rest_route=%2Fwp%2Fv2%2Fcategories&post=2497"},{"taxonomy":"post_tag","embeddable":true,"href":"https:\/\/doguhabertv.com\/index.php?rest_route=%2Fwp%2Fv2%2Ftags&post=2497"}],"curies":[{"name":"wp","href":"https:\/\/api.w.org\/{rel}","templated":true}]}}