{"id":2491,"date":"2024-12-20T13:22:44","date_gmt":"2024-12-20T13:22:44","guid":{"rendered":"https:\/\/doguhabertv.com\/?p=2491"},"modified":"2024-12-20T13:22:44","modified_gmt":"2024-12-20T13:22:44","slug":"dugun-yolunda-cinayet-yargi-devam-ediyor","status":"publish","type":"post","link":"https:\/\/doguhabertv.com\/?p=2491","title":{"rendered":"D\u00fc\u011f\u00fcn yolunda cinayet: Yarg\u0131 devam ediyor"},"content":{"rendered":"<h2 id=\"spot\" class=\"mt10 haber_ozet\">Adana&#8217;da d\u00fc\u011f\u00fcne giden koca \u00f6ld\u00fcr\u00fcld\u00fc, e\u015fi a\u011f\u0131r yaraland\u0131; 9 maganda yarg\u0131lan\u0131yor.<\/h2>\n<p>&nbsp;<\/p>\n<p>D\u00fc\u011f\u00fcne giden kocay\u0131 \u00f6ld\u00fcren, kar\u0131s\u0131n\u0131 da a\u011f\u0131r yaralayan magandalar\u0131n yarg\u0131lanmas\u0131na devam edildi<\/p>\n<p>ADANA &#8211;\u00a0Adana&#8217;da d\u00fc\u011f\u00fcne giden kocay\u0131 \u00f6ld\u00fcren, kar\u0131s\u0131n\u0131 da a\u011f\u0131r yaralayan, haklar\u0131nda 2.5 y\u0131ldan m\u00fcebbet hapse kadar ceza istenen 5&#8217;i tutuklu 9 magandan\u0131n yarg\u0131lanmas\u0131na devam edildi.<\/p>\n<p>Seyhan\u00a0il\u00e7esi Barbaros Mahallesi&#8217;nde 30 Nisan 2023&#8217;te, husumetli iki grup aras\u0131nda silahl\u0131 \u00e7at\u0131\u015fma \u00e7\u0131kt\u0131. Bu s\u0131rada olayla ilgisi olmayan, otomobille d\u00fc\u011f\u00fcne giden Hasan ve Be\u015fire \u00d6nder \u00e7ifti, \u00e7at\u0131\u015fman\u0131n ortas\u0131nda kald\u0131.\u00a0Hasan \u00d6nder\u00a0ba\u015f\u0131ndan, e\u015fi ise v\u00fccuduna isabet edenle kur\u015funla yaraland\u0131. \u00d6nder \u00e7ifti ile \u015f\u00fcphelilerden yaralanan Remzi B. hastaneye kald\u0131r\u0131ld\u0131. Tedaviye al\u0131nan yaral\u0131lardan Hasan \u00d6nder, t\u00fcm m\u00fcdahalelere ra\u011fmen kurtar\u0131lamad\u0131.<\/p>\n<div id=\"inpage_desktop\"><\/div>\n<p>Olay sonras\u0131 yakalanan san\u0131klar hakk\u0131nda, &#8216;kasten \u00f6ld\u00fcrme&#8217;, &#8216;kasten \u00f6ld\u00fcrmeye te\u015febb\u00fcs&#8217;, &#8216;mala zarar verme&#8217;, &#8216;kad\u0131na kar\u015f\u0131 basit yaralama&#8217; ve &#8216;ruhsats\u0131z silah bulundurma&#8217; su\u00e7lar\u0131ndan Adana 7. A\u011f\u0131r Ceza Mahkemesi&#8217;nde a\u00e7\u0131lan davan\u0131n 5&#8217;inci celse duru\u015fmas\u0131 yap\u0131ld\u0131. Duru\u015fmaya, tutuklu san\u0131klar \u0130brahim Almaz,\u00a0\u0130brahim \u015eim\u015fek\u00a0ile \u0130rfan Batura duru\u015fma salonunda haz\u0131r edildi. Di\u011fer tutuklu san\u0131klar\u00a0Hasan \u015eim\u015fek,\u00a0Ak\u0131n Can\u00a0ise bulunduklar\u0131 cezaevinden Ses ve G\u00f6r\u00fcnt\u00fc Bili\u015fim Sistemi ile kat\u0131ld\u0131. Baz\u0131 tutuksuz san\u0131klar ile taraf avukatlar\u0131n\u0131n da kat\u0131ld\u0131\u011f\u0131 duru\u015fmada, san\u0131k avukatlar\u0131 savunmalar\u0131n\u0131 yapt\u0131. Mahkeme heyeti daha sonra san\u0131klara s\u00f6z hakk\u0131 verdi.<\/p>\n<p>San\u0131klardan \u0130rfan Batura su\u00e7lamalar\u0131 kabul etmedi. San\u0131klardan Hasan \u015eim\u015fek&#8217;i tehdit eti\u011fi iddias\u0131n\u0131 da kabul etmeyen Batura, &#8220;Hasan \u015eim\u015fek zikzak \u00e7izerek caddede ate\u015f ederek 3 ki\u015fiyi vurmu\u015ftur. Ben sadece oradan babam\u0131 ka\u00e7\u0131rmak i\u00e7in havaya do\u011fru ate\u015f ettim. Benim silah\u0131mdan \u00e7\u0131kan mermiler evlere isabet eti. Ben vurmak isteseydim mesafe yak\u0131nd\u0131 vurabilirdim. Ben sadece havaya ate\u015f ettim. Bin silah\u0131 tedbir ama\u00e7l\u0131 yan\u0131mda bulunduruyordum. \u00c7\u00fcnk\u00fc \u00f6ncesinde tehditlere maruz kald\u0131m, evimizin \u00f6n\u00fcnde ate\u015f edildi. Kamera kay\u0131tlar\u0131 incelendi\u011finde her \u015fey net bir \u015fekilde g\u00f6r\u00fcnmektedir. Biz araban\u0131n \u00f6n\u00fcndeydik. Bizim Hasan \u00d6nder ve Be\u015fire&#8217;yi vurmam\u0131z m\u00fcmk\u00fcn de\u011fildir. Ben g\u00f6n\u00fcl rahatl\u0131\u011f\u0131 ile vurmad\u0131\u011f\u0131m\u0131 s\u00f6yl\u00fcyorum&#8221; diyerek tahliyesini istedi.<\/p>\n<p>Tutuksuz yarg\u0131lanan baba Remzi Batura da olay\u0131 \u00e7\u0131karan\u0131n kar\u015f\u0131 taraf oldu\u011funu s\u00f6yledi. Berberin \u00f6n\u00fcndeyken kendisine kar\u015f\u0131 taraftan ate\u015f edildi\u011fini ifade eden Remzi Batura, &#8220;O\u011fluma ate\u015f edildikten 10 dakika sonra evlerine gittim konu\u015ftum bar\u0131\u015f sa\u011fland\u0131. Ancak olaydan 2 g\u00fcn sonra babam\u0131n evine ate\u015f edildi. Tekrar bar\u0131\u015f i\u00e7in gitti\u011fimizde pusuya d\u00fc\u015f\u00fcr\u00fcld\u00fck. Kamera kay\u0131tlar\u0131n\u0131 veren benim. \u0130brahim Almaz tesad\u00fcfen beni g\u00f6\u011fs\u00fcmden vurmu\u015f olabilir mi? Ma\u011fduruz&#8221; dedi.<\/p>\n<p>San\u0131klardan \u0130brahim \u015eim\u015fek ise anne ve babas\u0131n\u0131n hasta olmas\u0131, a\u011fabeyinin de cezaevinde bulunmas\u0131 nedeniyle 14 ayd\u0131r firarda oldu\u011funu s\u00f6yledi. \u015eim\u015fek, &#8220;Evin ge\u00e7imini ben sa\u011fl\u0131yordum. Ben a\u011fabeyimin yan\u0131nda de\u011fildim. Benim olayla bir ilgim yoktur&#8221; diyerek tahliyesini istedi. San\u0131k \u0130brahim Almaz da tehdit ve darp edildi\u011fini, evine kur\u015fun s\u0131k\u0131ld\u0131\u011f\u0131n\u0131 s\u00f6yledi. Olayla alakas\u0131n\u0131n olmad\u0131\u011f\u0131n\u0131 ifade eden Almaz, &#8220;Ben yaral\u0131 Be\u015fire han\u0131ma yard\u0131m ettim. Su\u00e7lu biri olsam neden yard\u0131m edeyim. Tahliyemi talep ederim&#8221; dedi.<\/p>\n<p>Di\u011fer san\u0131klar Ak\u0131n Can ve Hasan \u015eim\u015fek de eski savunmalar\u0131n\u0131 tekrarlad\u0131klar\u0131n\u0131 belirterek tahliyelerini istedi.<\/p>\n<p>Cumhuriyet savc\u0131s\u0131, tutuklu san\u0131klar\u0131n tutuklulu\u011funun devam\u0131n\u0131 ve eksikliklerin giderilmesini talep etti.<\/p>\n<p>Mahkeme heyeti, tutuklu 5 san\u0131\u011f\u0131n tutuklulu\u011funun, di\u011fer san\u0131klar\u0131n ise adli kontrollerinin devam\u0131na karar vererek duru\u015fmay\u0131 eksikliklerin tamamlanmas\u0131 i\u00e7in ileri bir tarihe erteledi.<\/p>\n<p>&nbsp;<\/p>\n<p><strong>KAYNAK:SONDAK\u0130KA<\/strong><\/p>\n<p>&nbsp;<\/p>\n","protected":false},"excerpt":{"rendered":"<p>Adana&#8217;da d\u00fc\u011f\u00fcne giden koca \u00f6ld\u00fcr\u00fcld\u00fc, e\u015fi a\u011f\u0131r yaraland\u0131; 9 maganda yarg\u0131lan\u0131yor. &nbsp; D\u00fc\u011f\u00fcne giden kocay\u0131 \u00f6ld\u00fcren, kar\u0131s\u0131n\u0131 da a\u011f\u0131r yaralayan magandalar\u0131n yarg\u0131lanmas\u0131na devam edildi ADANA &#8211;\u00a0Adana&#8217;da d\u00fc\u011f\u00fcne giden kocay\u0131 \u00f6ld\u00fcren, kar\u0131s\u0131n\u0131 da a\u011f\u0131r yaralayan, haklar\u0131nda 2.5 y\u0131ldan m\u00fcebbet hapse kadar ceza istenen 5&#8217;i tutuklu 9 magandan\u0131n yarg\u0131lanmas\u0131na devam edildi. Seyhan\u00a0il\u00e7esi Barbaros Mahallesi&#8217;nde 30 Nisan 2023&#8217;te, [&hellip;]<\/p>\n","protected":false},"author":1,"featured_media":2492,"comment_status":"open","ping_status":"closed","sticky":false,"template":"","format":"standard","meta":{"footnotes":""},"categories":[8,2300],"tags":[2317,2299,795,835,1530,1750],"class_list":["post-2491","post","type-post","status-publish","format-standard","has-post-thumbnail","hentry","category-gundem","category-haber","tag-adana","tag-yarali","tag-gozalti","tag-haber","tag-olu","tag-saldiri"],"_links":{"self":[{"href":"https:\/\/doguhabertv.com\/index.php?rest_route=\/wp\/v2\/posts\/2491","targetHints":{"allow":["GET"]}}],"collection":[{"href":"https:\/\/doguhabertv.com\/index.php?rest_route=\/wp\/v2\/posts"}],"about":[{"href":"https:\/\/doguhabertv.com\/index.php?rest_route=\/wp\/v2\/types\/post"}],"author":[{"embeddable":true,"href":"https:\/\/doguhabertv.com\/index.php?rest_route=\/wp\/v2\/users\/1"}],"replies":[{"embeddable":true,"href":"https:\/\/doguhabertv.com\/index.php?rest_route=%2Fwp%2Fv2%2Fcomments&post=2491"}],"version-history":[{"count":1,"href":"https:\/\/doguhabertv.com\/index.php?rest_route=\/wp\/v2\/posts\/2491\/revisions"}],"predecessor-version":[{"id":2493,"href":"https:\/\/doguhabertv.com\/index.php?rest_route=\/wp\/v2\/posts\/2491\/revisions\/2493"}],"wp:featuredmedia":[{"embeddable":true,"href":"https:\/\/doguhabertv.com\/index.php?rest_route=\/wp\/v2\/media\/2492"}],"wp:attachment":[{"href":"https:\/\/doguhabertv.com\/index.php?rest_route=%2Fwp%2Fv2%2Fmedia&parent=2491"}],"wp:term":[{"taxonomy":"category","embeddable":true,"href":"https:\/\/doguhabertv.com\/index.php?rest_route=%2Fwp%2Fv2%2Fcategories&post=2491"},{"taxonomy":"post_tag","embeddable":true,"href":"https:\/\/doguhabertv.com\/index.php?rest_route=%2Fwp%2Fv2%2Ftags&post=2491"}],"curies":[{"name":"wp","href":"https:\/\/api.w.org\/{rel}","templated":true}]}}