{"id":2485,"date":"2024-12-20T13:11:11","date_gmt":"2024-12-20T13:11:11","guid":{"rendered":"https:\/\/doguhabertv.com\/?p=2485"},"modified":"2024-12-20T13:11:11","modified_gmt":"2024-12-20T13:11:11","slug":"bir-ayda-4-bisiklet-caldi-ulasim-ihtiyacimi-karsiliyorum-dedi","status":"publish","type":"post","link":"https:\/\/doguhabertv.com\/?p=2485","title":{"rendered":"Bir ayda 4 bisiklet \u00e7ald\u0131; &#8216;Ula\u015f\u0131m ihtiyac\u0131m\u0131 kar\u015f\u0131l\u0131yorum&#8217; dedi"},"content":{"rendered":"<h2 class=\"nd-article__spot\">Adana&#8217;da 1 ayda 4\u00a0bisiklet\u00a0\u00e7alan Okan Y. (46), g\u00fcvenlik kameralar\u0131ndan tespit edilip, yakaland\u0131. \u0130fadesinde, &#8220;Ula\u015f\u0131m\u00a0ihtiyac\u0131m\u0131 \u00e7ald\u0131\u011f\u0131m bisikletlerle kar\u015f\u0131l\u0131yorum&#8221; diyen Okan Y., tutukland\u0131.<\/h2>\n<p>\u0130l Emniyet M\u00fcd\u00fcrl\u00fc\u011f\u00fc Asayi\u015f \u015eubesine ba\u011fl\u0131 H\u0131rs\u0131zl\u0131k ve Yankesicilik B\u00fcro Amirli\u011fi ekipleri, 1 ayda ya\u015fanan 4 ayr\u0131\u00a0bisiklet\u00a0h\u0131rs\u0131zl\u0131\u011f\u0131yla ilgili \u00e7al\u0131\u015fma ba\u015flatt\u0131. G\u00fcvenlik kameras\u0131 g\u00f6r\u00fcnt\u00fclerini inceleyen polis, \u015f\u00fcphelinin Okan Y. oldu\u011funu tespit etti.<\/p>\n<p>5 ayr\u0131 &#8216;H\u0131rs\u0131zl\u0131k&#8217; su\u00e7undan daha arand\u0131\u011f\u0131 belirlenen Okan Y.&#8217;nin, 30 Kas\u0131m&#8217;da P\u0131nar Mahallesi&#8217;ndeki bir apartmana po\u015fetteki demir kesme makas\u0131 ile girip, A.A.&#8217;n\u0131n 6&#8217;nc\u0131 kat merdiven korkulu\u011funa ba\u011flad\u0131\u011f\u0131 kilidi keserek bisiklet \u00e7ald\u0131\u011f\u0131 tespit edildi. O anlar g\u00fcvenlik kameras\u0131na yans\u0131rken, Okan Y. Fatih Mahallesi&#8217;ndeki evine yap\u0131lan bask\u0131nda yakalad\u0131. Emniyete g\u00f6t\u00fcr\u00fclen ve bisikletleri satt\u0131\u011f\u0131 belirlenen Okan Y., ifadesinde, &#8220;Herhangi bir arac\u0131m yok.\u00a0Ula\u015f\u0131m\u00a0ihtiyac\u0131m\u0131 \u00e7ald\u0131\u011f\u0131m bisikletlerle kar\u015f\u0131l\u0131yorum&#8221; dedi. \u0130\u015flemlerinin ard\u0131ndan adliyeye sevk edilen Okan Y., \u00e7\u0131kar\u0131ld\u0131\u011f\u0131 mahkemede tutukland\u0131.<\/p>\n<p>&nbsp;<\/p>\n<p><strong>KAYNAK:DHA<\/strong><\/p>\n","protected":false},"excerpt":{"rendered":"<p>Adana&#8217;da 1 ayda 4\u00a0bisiklet\u00a0\u00e7alan Okan Y. (46), g\u00fcvenlik kameralar\u0131ndan tespit edilip, yakaland\u0131. \u0130fadesinde, &#8220;Ula\u015f\u0131m\u00a0ihtiyac\u0131m\u0131 \u00e7ald\u0131\u011f\u0131m bisikletlerle kar\u015f\u0131l\u0131yorum&#8221; diyen Okan Y., tutukland\u0131. \u0130l Emniyet M\u00fcd\u00fcrl\u00fc\u011f\u00fc Asayi\u015f \u015eubesine ba\u011fl\u0131 H\u0131rs\u0131zl\u0131k ve Yankesicilik B\u00fcro Amirli\u011fi ekipleri, 1 ayda ya\u015fanan 4 ayr\u0131\u00a0bisiklet\u00a0h\u0131rs\u0131zl\u0131\u011f\u0131yla ilgili \u00e7al\u0131\u015fma ba\u015flatt\u0131. G\u00fcvenlik kameras\u0131 g\u00f6r\u00fcnt\u00fclerini inceleyen polis, \u015f\u00fcphelinin Okan Y. oldu\u011funu tespit etti. 5 ayr\u0131 &#8216;H\u0131rs\u0131zl\u0131k&#8217; [&hellip;]<\/p>\n","protected":false},"author":1,"featured_media":2486,"comment_status":"open","ping_status":"closed","sticky":false,"template":"","format":"standard","meta":{"footnotes":""},"categories":[8,2300],"tags":[2317,2318,2310,2320,835],"class_list":["post-2485","post","type-post","status-publish","format-standard","has-post-thumbnail","hentry","category-gundem","category-haber","tag-adana","tag-hirsiz","tag-tutuklanma","tag-yakalanma","tag-haber"],"_links":{"self":[{"href":"https:\/\/doguhabertv.com\/index.php?rest_route=\/wp\/v2\/posts\/2485","targetHints":{"allow":["GET"]}}],"collection":[{"href":"https:\/\/doguhabertv.com\/index.php?rest_route=\/wp\/v2\/posts"}],"about":[{"href":"https:\/\/doguhabertv.com\/index.php?rest_route=\/wp\/v2\/types\/post"}],"author":[{"embeddable":true,"href":"https:\/\/doguhabertv.com\/index.php?rest_route=\/wp\/v2\/users\/1"}],"replies":[{"embeddable":true,"href":"https:\/\/doguhabertv.com\/index.php?rest_route=%2Fwp%2Fv2%2Fcomments&post=2485"}],"version-history":[{"count":1,"href":"https:\/\/doguhabertv.com\/index.php?rest_route=\/wp\/v2\/posts\/2485\/revisions"}],"predecessor-version":[{"id":2487,"href":"https:\/\/doguhabertv.com\/index.php?rest_route=\/wp\/v2\/posts\/2485\/revisions\/2487"}],"wp:featuredmedia":[{"embeddable":true,"href":"https:\/\/doguhabertv.com\/index.php?rest_route=\/wp\/v2\/media\/2486"}],"wp:attachment":[{"href":"https:\/\/doguhabertv.com\/index.php?rest_route=%2Fwp%2Fv2%2Fmedia&parent=2485"}],"wp:term":[{"taxonomy":"category","embeddable":true,"href":"https:\/\/doguhabertv.com\/index.php?rest_route=%2Fwp%2Fv2%2Fcategories&post=2485"},{"taxonomy":"post_tag","embeddable":true,"href":"https:\/\/doguhabertv.com\/index.php?rest_route=%2Fwp%2Fv2%2Ftags&post=2485"}],"curies":[{"name":"wp","href":"https:\/\/api.w.org\/{rel}","templated":true}]}}