{"id":2467,"date":"2024-12-19T11:36:42","date_gmt":"2024-12-19T11:36:42","guid":{"rendered":"https:\/\/doguhabertv.com\/?p=2467"},"modified":"2024-12-19T11:36:42","modified_gmt":"2024-12-19T11:36:42","slug":"sanliurfa-2-kisinin-yaralandigi-kaza-kamerada","status":"publish","type":"post","link":"https:\/\/doguhabertv.com\/?p=2467","title":{"rendered":"\u015eanl\u0131urfa 2 ki\u015finin yaraland\u0131\u011f\u0131 kaza kamerada"},"content":{"rendered":"<p>\u015eanl\u0131urfa\u2019n\u0131n Viran\u015fehir il\u00e7esinde 2 ki\u015finin yaraland\u0131\u011f\u0131 kaza an\u0131 kameraya yans\u0131d\u0131.<\/p>\n<p>Kaza, sabah saatlerinde H\u00fcriyet Mahallesi T\u0131lbeder Caddesi \u00fczerinde ya\u015fand\u0131. \u0130ddiaya g\u00f6re, 45 AH 719 plakal\u0131 kamyonet ile 63 AG 948 plakal\u0131 otomobilin \u00e7arp\u0131\u015fmas\u0131 sonucu 2 ki\u015fi yaraland\u0131. Kazada yaralanan Halil Ali (25) ve Cuma Sino (19), ihbar \u00fczerine olay yerine gelen sa\u011fl\u0131k ekiplerince ambulansla Viran\u015fehir Devlet Hastanesi\u2019ne kald\u0131r\u0131ld\u0131.<\/p>\n<p>G\u00fcvenlik kameras\u0131na yans\u0131yan kaza ile ilgili soru\u015fturma ba\u015flat\u0131ld\u0131.<\/p>\n<p><img loading=\"lazy\" decoding=\"async\" class=\"\" src=\"https:\/\/cdn.iha.com.tr\/Contents\/images\/2024\/12\/19\/20241219aw353214-2.jpg\" alt=\"\u015eanl\u0131urfa 2 ki\u015finin yaraland\u0131\u011f\u0131 kaza kamerada\n\" width=\"644\" height=\"483\" \/><\/p>\n<p><strong>KAYNAK:DHA<\/strong><\/p>\n","protected":false},"excerpt":{"rendered":"<p>\u015eanl\u0131urfa\u2019n\u0131n Viran\u015fehir il\u00e7esinde 2 ki\u015finin yaraland\u0131\u011f\u0131 kaza an\u0131 kameraya yans\u0131d\u0131. Kaza, sabah saatlerinde H\u00fcriyet Mahallesi T\u0131lbeder Caddesi \u00fczerinde ya\u015fand\u0131. \u0130ddiaya g\u00f6re, 45 AH 719 plakal\u0131 kamyonet ile 63 AG 948 plakal\u0131 otomobilin \u00e7arp\u0131\u015fmas\u0131 sonucu 2 ki\u015fi yaraland\u0131. Kazada yaralanan Halil Ali (25) ve Cuma Sino (19), ihbar \u00fczerine olay yerine gelen sa\u011fl\u0131k ekiplerince ambulansla Viran\u015fehir [&hellip;]<\/p>\n","protected":false},"author":1,"featured_media":2468,"comment_status":"open","ping_status":"closed","sticky":false,"template":"","format":"standard","meta":{"footnotes":""},"categories":[8,2300],"tags":[2316,2299,835,1135],"class_list":["post-2467","post","type-post","status-publish","format-standard","has-post-thumbnail","hentry","category-gundem","category-haber","tag-sanliurfa","tag-yarali","tag-haber","tag-kaza"],"_links":{"self":[{"href":"https:\/\/doguhabertv.com\/index.php?rest_route=\/wp\/v2\/posts\/2467","targetHints":{"allow":["GET"]}}],"collection":[{"href":"https:\/\/doguhabertv.com\/index.php?rest_route=\/wp\/v2\/posts"}],"about":[{"href":"https:\/\/doguhabertv.com\/index.php?rest_route=\/wp\/v2\/types\/post"}],"author":[{"embeddable":true,"href":"https:\/\/doguhabertv.com\/index.php?rest_route=\/wp\/v2\/users\/1"}],"replies":[{"embeddable":true,"href":"https:\/\/doguhabertv.com\/index.php?rest_route=%2Fwp%2Fv2%2Fcomments&post=2467"}],"version-history":[{"count":1,"href":"https:\/\/doguhabertv.com\/index.php?rest_route=\/wp\/v2\/posts\/2467\/revisions"}],"predecessor-version":[{"id":2469,"href":"https:\/\/doguhabertv.com\/index.php?rest_route=\/wp\/v2\/posts\/2467\/revisions\/2469"}],"wp:featuredmedia":[{"embeddable":true,"href":"https:\/\/doguhabertv.com\/index.php?rest_route=\/wp\/v2\/media\/2468"}],"wp:attachment":[{"href":"https:\/\/doguhabertv.com\/index.php?rest_route=%2Fwp%2Fv2%2Fmedia&parent=2467"}],"wp:term":[{"taxonomy":"category","embeddable":true,"href":"https:\/\/doguhabertv.com\/index.php?rest_route=%2Fwp%2Fv2%2Fcategories&post=2467"},{"taxonomy":"post_tag","embeddable":true,"href":"https:\/\/doguhabertv.com\/index.php?rest_route=%2Fwp%2Fv2%2Ftags&post=2467"}],"curies":[{"name":"wp","href":"https:\/\/api.w.org\/{rel}","templated":true}]}}