{"id":2462,"date":"2024-12-19T11:30:08","date_gmt":"2024-12-19T11:30:08","guid":{"rendered":"https:\/\/doguhabertv.com\/?p=2462"},"modified":"2024-12-19T11:30:08","modified_gmt":"2024-12-19T11:30:08","slug":"direge-carpan-motosiklet-surucusu-agir-yaralandi","status":"publish","type":"post","link":"https:\/\/doguhabertv.com\/?p=2462","title":{"rendered":"Dire\u011fe \u00e7arpan motosiklet s\u00fcr\u00fcc\u00fcs\u00fc a\u011f\u0131r yaraland\u0131"},"content":{"rendered":"<p>Ad\u0131yaman\u2019\u0131n G\u00f6lba\u015f\u0131 il\u00e7esinde elektrik dire\u011fine \u00e7arpan motosiklet s\u00fcr\u00fcc\u00fcs\u00fc a\u011f\u0131r yaraland\u0131.<\/p>\n<p>&nbsp;<\/p>\n<p>Edinilen bilgiye g\u00f6re, G\u00f6lba\u015f\u0131 il\u00e7esi Fatih Mahallesi Gazi Caddesi \u00fczerinde \u0130lker Ulema idaresindeki 02 AFE 408 plakal\u0131 motosiklet, s\u00fcr\u00fcc\u00fcs\u00fcn\u00fcn direksiyon hakimiyetini kaybetmesi sonucu elektrik dire\u011fine \u00e7arpt\u0131. \u00c7arpman\u0131n \u015fiddetiyle s\u00fcr\u00fcc\u00fc \u0130lker Ulema a\u011f\u0131r yaraland\u0131. Yaral\u0131, kaza yerine gelen sa\u011fl\u0131k ekiplerince yap\u0131lan ilk m\u00fcdahalenin ard\u0131ndan \u00f6nce G\u00f6lba\u015f\u0131 Devlet Hastanesi\u2019ne ard\u0131ndan ise Ad\u0131yaman E\u011fitim ve Ara\u015ft\u0131rma Hastanesi\u2019ne sevk edildi. Hastanede tedavi alt\u0131na al\u0131nan \u0130lker Ulema\u2019n\u0131n sa\u011fl\u0131k durumunun ciddiyetini korudu\u011fu \u00f6\u011frenildi.<\/p>\n<p>&nbsp;<\/p>\n<p>Kazayla ilgili soru\u015fturma s\u00fcr\u00fcyor.<\/p>\n<p><img loading=\"lazy\" decoding=\"async\" class=\"\" src=\"https:\/\/cdn.iha.com.tr\/Contents\/images\/2024\/12\/19\/20241219aw353216-1.jpg\" alt=\"Dire\u011fe \u00e7arpan motosiklet s\u00fcr\u00fcc\u00fcs\u00fc a\u011f\u0131r yaraland\u0131\n\" width=\"834\" height=\"366\" \/><\/p>\n<p>&nbsp;<\/p>\n<p><strong>KAYNAK:DHA<\/strong><\/p>\n","protected":false},"excerpt":{"rendered":"<p>Ad\u0131yaman\u2019\u0131n G\u00f6lba\u015f\u0131 il\u00e7esinde elektrik dire\u011fine \u00e7arpan motosiklet s\u00fcr\u00fcc\u00fcs\u00fc a\u011f\u0131r yaraland\u0131. &nbsp; Edinilen bilgiye g\u00f6re, G\u00f6lba\u015f\u0131 il\u00e7esi Fatih Mahallesi Gazi Caddesi \u00fczerinde \u0130lker Ulema idaresindeki 02 AFE 408 plakal\u0131 motosiklet, s\u00fcr\u00fcc\u00fcs\u00fcn\u00fcn direksiyon hakimiyetini kaybetmesi sonucu elektrik dire\u011fine \u00e7arpt\u0131. \u00c7arpman\u0131n \u015fiddetiyle s\u00fcr\u00fcc\u00fc \u0130lker Ulema a\u011f\u0131r yaraland\u0131. Yaral\u0131, kaza yerine gelen sa\u011fl\u0131k ekiplerince yap\u0131lan ilk m\u00fcdahalenin ard\u0131ndan \u00f6nce [&hellip;]<\/p>\n","protected":false},"author":1,"featured_media":2463,"comment_status":"open","ping_status":"closed","sticky":false,"template":"","format":"standard","meta":{"footnotes":""},"categories":[8,2300],"tags":[2315,2299,46,835,1135],"class_list":["post-2462","post","type-post","status-publish","format-standard","has-post-thumbnail","hentry","category-gundem","category-haber","tag-motorsiklet","tag-yarali","tag-adiyaman","tag-haber","tag-kaza"],"_links":{"self":[{"href":"https:\/\/doguhabertv.com\/index.php?rest_route=\/wp\/v2\/posts\/2462","targetHints":{"allow":["GET"]}}],"collection":[{"href":"https:\/\/doguhabertv.com\/index.php?rest_route=\/wp\/v2\/posts"}],"about":[{"href":"https:\/\/doguhabertv.com\/index.php?rest_route=\/wp\/v2\/types\/post"}],"author":[{"embeddable":true,"href":"https:\/\/doguhabertv.com\/index.php?rest_route=\/wp\/v2\/users\/1"}],"replies":[{"embeddable":true,"href":"https:\/\/doguhabertv.com\/index.php?rest_route=%2Fwp%2Fv2%2Fcomments&post=2462"}],"version-history":[{"count":1,"href":"https:\/\/doguhabertv.com\/index.php?rest_route=\/wp\/v2\/posts\/2462\/revisions"}],"predecessor-version":[{"id":2464,"href":"https:\/\/doguhabertv.com\/index.php?rest_route=\/wp\/v2\/posts\/2462\/revisions\/2464"}],"wp:featuredmedia":[{"embeddable":true,"href":"https:\/\/doguhabertv.com\/index.php?rest_route=\/wp\/v2\/media\/2463"}],"wp:attachment":[{"href":"https:\/\/doguhabertv.com\/index.php?rest_route=%2Fwp%2Fv2%2Fmedia&parent=2462"}],"wp:term":[{"taxonomy":"category","embeddable":true,"href":"https:\/\/doguhabertv.com\/index.php?rest_route=%2Fwp%2Fv2%2Fcategories&post=2462"},{"taxonomy":"post_tag","embeddable":true,"href":"https:\/\/doguhabertv.com\/index.php?rest_route=%2Fwp%2Fv2%2Ftags&post=2462"}],"curies":[{"name":"wp","href":"https:\/\/api.w.org\/{rel}","templated":true}]}}