{"id":2459,"date":"2024-12-19T11:23:04","date_gmt":"2024-12-19T11:23:04","guid":{"rendered":"https:\/\/doguhabertv.com\/?p=2459"},"modified":"2024-12-19T11:23:04","modified_gmt":"2024-12-19T11:23:04","slug":"ardahanda-136-koy-yolu-ulasima-kapandi","status":"publish","type":"post","link":"https:\/\/doguhabertv.com\/?p=2459","title":{"rendered":"Ardahan\u2019da 136 k\u00f6y yolu ula\u015f\u0131ma kapand\u0131"},"content":{"rendered":"<p>Ardahan\u2019da kar ya\u011f\u0131\u015f\u0131yla birlikte etkili olan tipi ve f\u0131rt\u0131na nedeniyle 136 k\u00f6y yolu ula\u015f\u0131ma kapand\u0131. Ekiplerin, yollar\u0131n a\u00e7\u0131lmas\u0131 i\u00e7in \u00e7al\u0131\u015fmalar\u0131 devam ediyor.<\/p>\n<p>&nbsp;<\/p>\n<p>Meteoroloji Genel M\u00fcd\u00fcrl\u00fc\u011f\u00fcn\u00fcn \u2018turuncu\u2019 kodla uyar\u0131 yapt\u0131\u011f\u0131 Ardahan\u2019da kent merkeziyle 5 il\u00e7esinde etkili olan kar ya\u011f\u0131\u015f\u0131, tipi ve f\u0131rt\u0131na nedeniyle, kent genelinde 136 k\u00f6y yolu ula\u015f\u0131ma kapand\u0131. Vali Hayrettin \u00c7i\u00e7ek\u2019in talimat\u0131yla \u0130l \u00d6zel \u0130daresi Genel Sekreterli\u011fine ba\u011fl\u0131 ekipler, k\u00f6y yollar\u0131n\u0131n ula\u015f\u0131ma kapanmamas\u0131 i\u00e7in temizleme ve k\u00fcreme \u00e7al\u0131\u015fmalar\u0131na ba\u015flad\u0131.<\/p>\n<p>\u0130l \u00d6zel \u0130daresi Genel Sekreterli\u011fi yetkilileri, ekiplerin yollar\u0131 a\u00e7mak i\u00e7in yo\u011fun mesai harcad\u0131\u011f\u0131n\u0131 belirtti. Belediye ekipleri kent merkezinde, Karayollar\u0131 186\u2019nc\u0131 \u015eube \u015eefli\u011fine ba\u011fl\u0131 ekipler de kapal\u0131 olan 2 bin 640 metre y\u00fckseklikteki Ardahan ile Artvin\u2019in \u015eav\u015fat il\u00e7esi aras\u0131ndaki kara yolu Sahara mevkiinde ve Ardahan- Posof karayolu da 2 bin 540 rak\u0131ml\u0131 Ilgar Da\u011f\u0131 ge\u00e7idini ula\u015f\u0131ma a\u00e7mak i\u00e7in \u00e7al\u0131\u015fmalar\u0131n\u0131 s\u00fcrd\u00fcr\u00fcyor.<\/p>\n<p>Olumsuz hava \u015fartlar\u0131na kar\u015f\u0131 s\u00fcr\u00fcc\u00fcleri uyaran kara yollar\u0131 yetkilileri, s\u00fcr\u00fcc\u00fclerden yanlar\u0131nda takoz, zincir ve \u00e7ekme halat\u0131 bulundurmalar\u0131n\u0131 istedi.<\/p>\n<p>&nbsp;<\/p>\n<p><img decoding=\"async\" src=\"https:\/\/cdn.iha.com.tr\/Contents\/images\/2024\/12\/19\/20241219aw353299-4.jpg\" alt=\"Ardahan\u2019da 136 k\u00f6y yolu ula\u015f\u0131ma kapand\u0131\n\" \/><\/p>\n<p>&nbsp;<\/p>\n<p><strong>KAYNAK:DHA<\/strong><\/p>\n","protected":false},"excerpt":{"rendered":"<p>Ardahan\u2019da kar ya\u011f\u0131\u015f\u0131yla birlikte etkili olan tipi ve f\u0131rt\u0131na nedeniyle 136 k\u00f6y yolu ula\u015f\u0131ma kapand\u0131. Ekiplerin, yollar\u0131n a\u00e7\u0131lmas\u0131 i\u00e7in \u00e7al\u0131\u015fmalar\u0131 devam ediyor. &nbsp; Meteoroloji Genel M\u00fcd\u00fcrl\u00fc\u011f\u00fcn\u00fcn \u2018turuncu\u2019 kodla uyar\u0131 yapt\u0131\u011f\u0131 Ardahan\u2019da kent merkeziyle 5 il\u00e7esinde etkili olan kar ya\u011f\u0131\u015f\u0131, tipi ve f\u0131rt\u0131na nedeniyle, kent genelinde 136 k\u00f6y yolu ula\u015f\u0131ma kapand\u0131. Vali Hayrettin \u00c7i\u00e7ek\u2019in talimat\u0131yla \u0130l [&hellip;]<\/p>\n","protected":false},"author":1,"featured_media":2460,"comment_status":"open","ping_status":"closed","sticky":false,"template":"","format":"standard","meta":{"footnotes":""},"categories":[8,2300],"tags":[2314,713,835,1088],"class_list":["post-2459","post","type-post","status-publish","format-standard","has-post-thumbnail","hentry","category-gundem","category-haber","tag-ulasim","tag-firtina","tag-haber","tag-kar"],"_links":{"self":[{"href":"https:\/\/doguhabertv.com\/index.php?rest_route=\/wp\/v2\/posts\/2459","targetHints":{"allow":["GET"]}}],"collection":[{"href":"https:\/\/doguhabertv.com\/index.php?rest_route=\/wp\/v2\/posts"}],"about":[{"href":"https:\/\/doguhabertv.com\/index.php?rest_route=\/wp\/v2\/types\/post"}],"author":[{"embeddable":true,"href":"https:\/\/doguhabertv.com\/index.php?rest_route=\/wp\/v2\/users\/1"}],"replies":[{"embeddable":true,"href":"https:\/\/doguhabertv.com\/index.php?rest_route=%2Fwp%2Fv2%2Fcomments&post=2459"}],"version-history":[{"count":1,"href":"https:\/\/doguhabertv.com\/index.php?rest_route=\/wp\/v2\/posts\/2459\/revisions"}],"predecessor-version":[{"id":2461,"href":"https:\/\/doguhabertv.com\/index.php?rest_route=\/wp\/v2\/posts\/2459\/revisions\/2461"}],"wp:featuredmedia":[{"embeddable":true,"href":"https:\/\/doguhabertv.com\/index.php?rest_route=\/wp\/v2\/media\/2460"}],"wp:attachment":[{"href":"https:\/\/doguhabertv.com\/index.php?rest_route=%2Fwp%2Fv2%2Fmedia&parent=2459"}],"wp:term":[{"taxonomy":"category","embeddable":true,"href":"https:\/\/doguhabertv.com\/index.php?rest_route=%2Fwp%2Fv2%2Fcategories&post=2459"},{"taxonomy":"post_tag","embeddable":true,"href":"https:\/\/doguhabertv.com\/index.php?rest_route=%2Fwp%2Fv2%2Ftags&post=2459"}],"curies":[{"name":"wp","href":"https:\/\/api.w.org\/{rel}","templated":true}]}}