{"id":2424,"date":"2024-12-17T23:07:10","date_gmt":"2024-12-17T23:07:10","guid":{"rendered":"https:\/\/doguhabertv.com\/?p=2424"},"modified":"2024-12-17T23:07:11","modified_gmt":"2024-12-17T23:07:11","slug":"kucukcekmecede-is-yerinde-yangin","status":"publish","type":"post","link":"https:\/\/doguhabertv.com\/?p=2424","title":{"rendered":"K\u00fc\u00e7\u00fck\u00e7ekmece\u2019de i\u015f yerinde yang\u0131n"},"content":{"rendered":"<p class=\"text\">Bug\u00fcn saat 18.30 civar\u0131nda \u0130stanbul&#8217;un K\u00fc\u00e7\u00fck\u00e7ekmece il\u00e7esindeki Mehmet Akif Mahallesi, Bahariye Caddesi&#8217;nde faaliyet g\u00f6steren bir i\u015fyerinde yang\u0131n \u00e7\u0131kt\u0131. Edinilen bilgilere g\u00f6re, yang\u0131n, i\u015fyerinin 4. kat\u0131nda hen\u00fcz belirlenemeyen bir nedenle ba\u015flad\u0131.<\/p>\n<p><strong>\u00c7ALI\u015eANLAR YANGINI S\u00d6ND\u00dcREMED\u0130, \u0130TFA\u0130YEYE HABER VER\u0130LD\u0130<\/strong><\/p>\n<p class=\"text\">\u00c7al\u0131\u015fanlar, alevlere m\u00fcdahale etmeye \u00e7al\u0131\u015fsalar da ba\u015far\u0131l\u0131 olamayarak durumu yetkililere bildirdi. \u0130hbar\u0131n ard\u0131ndan olay yerine polis ve \u00e7ok say\u0131da itfaiye ekibi sevk edildi.<\/p>\n<p><strong>YANGINA M\u00dcDAHALE S\u00dcR\u00dcYOR<\/strong><\/p>\n<p class=\"text\">Polis, \u00e7evrede g\u00fcvenlik \u00f6nlemi al\u0131rken, itfaiye ekipleri yang\u0131na m\u00fcdahale etti. Yang\u0131n sonucu i\u015fyerinde herhangi bir yaralanma ya da can kayb\u0131 ya\u015fanmazken, itfaiye ekiplerinin alevlerle m\u00fccadelesi devam ediyor.<\/p>\n<p><img decoding=\"async\" src=\"https:\/\/doguhabertv.com\/wp-content\/uploads\/2024\/12\/kucukcekmecede-is-yerinde-yangin-0.jpg\" \/> <\/p>\n<p> <img decoding=\"async\" src=\"https:\/\/doguhabertv.com\/wp-content\/uploads\/2024\/12\/kucukcekmecede-is-yerinde-yangin-1.svg\" \/><\/p>\n<p>\n <strong>Yavuz Y\u0131ld\u0131r\u0131m<\/strong><br \/>Haber M\u00fcd\u00fcr\u00fc <\/p>\n","protected":false},"excerpt":{"rendered":"<p>Bug\u00fcn saat 18.30 civar\u0131nda \u0130stanbul&#8217;un K\u00fc\u00e7\u00fck\u00e7ekmece il\u00e7esindeki Mehmet Akif Mahallesi, Bahariye Caddesi&#8217;nde faaliyet g\u00f6steren bir i\u015fyerinde yang\u0131n \u00e7\u0131kt\u0131. Edinilen bilgilere g\u00f6re, yang\u0131n, i\u015fyerinin 4. kat\u0131nda hen\u00fcz belirlenemeyen bir nedenle ba\u015flad\u0131. \u00c7ALI\u015eANLAR YANGINI S\u00d6ND\u00dcREMED\u0130, \u0130TFA\u0130YEYE HABER VER\u0130LD\u0130 \u00c7al\u0131\u015fanlar, alevlere m\u00fcdahale etmeye \u00e7al\u0131\u015fsalar da ba\u015far\u0131l\u0131 olamayarak durumu yetkililere bildirdi. \u0130hbar\u0131n ard\u0131ndan olay yerine polis ve \u00e7ok say\u0131da [&hellip;]<\/p>\n","protected":false},"author":1,"featured_media":2426,"comment_status":"open","ping_status":"closed","sticky":false,"template":"","format":"standard","meta":{"footnotes":""},"categories":[1],"tags":[2297],"class_list":["post-2424","post","type-post","status-publish","format-standard","has-post-thumbnail","hentry","category-uncategorized","tag-3-sayfa"],"_links":{"self":[{"href":"https:\/\/doguhabertv.com\/index.php?rest_route=\/wp\/v2\/posts\/2424","targetHints":{"allow":["GET"]}}],"collection":[{"href":"https:\/\/doguhabertv.com\/index.php?rest_route=\/wp\/v2\/posts"}],"about":[{"href":"https:\/\/doguhabertv.com\/index.php?rest_route=\/wp\/v2\/types\/post"}],"author":[{"embeddable":true,"href":"https:\/\/doguhabertv.com\/index.php?rest_route=\/wp\/v2\/users\/1"}],"replies":[{"embeddable":true,"href":"https:\/\/doguhabertv.com\/index.php?rest_route=%2Fwp%2Fv2%2Fcomments&post=2424"}],"version-history":[{"count":1,"href":"https:\/\/doguhabertv.com\/index.php?rest_route=\/wp\/v2\/posts\/2424\/revisions"}],"predecessor-version":[{"id":2425,"href":"https:\/\/doguhabertv.com\/index.php?rest_route=\/wp\/v2\/posts\/2424\/revisions\/2425"}],"wp:featuredmedia":[{"embeddable":true,"href":"https:\/\/doguhabertv.com\/index.php?rest_route=\/wp\/v2\/media\/2426"}],"wp:attachment":[{"href":"https:\/\/doguhabertv.com\/index.php?rest_route=%2Fwp%2Fv2%2Fmedia&parent=2424"}],"wp:term":[{"taxonomy":"category","embeddable":true,"href":"https:\/\/doguhabertv.com\/index.php?rest_route=%2Fwp%2Fv2%2Fcategories&post=2424"},{"taxonomy":"post_tag","embeddable":true,"href":"https:\/\/doguhabertv.com\/index.php?rest_route=%2Fwp%2Fv2%2Ftags&post=2424"}],"curies":[{"name":"wp","href":"https:\/\/api.w.org\/{rel}","templated":true}]}}