{"id":2412,"date":"2024-12-17T23:06:56","date_gmt":"2024-12-17T23:06:56","guid":{"rendered":"https:\/\/doguhabertv.com\/?p=2412"},"modified":"2024-12-17T23:06:56","modified_gmt":"2024-12-17T23:06:56","slug":"sadece-2-adet-kalan-tarihi-galatasaray-formasindan-birine-gozu-gibi-bakiyor","status":"publish","type":"post","link":"https:\/\/doguhabertv.com\/?p=2412","title":{"rendered":"Sadece 2 adet kalan tarihi Galatasaray formas\u0131ndan birine g\u00f6z\u00fc gibi bak\u0131yor"},"content":{"rendered":"<p class=\"text\">68 y\u0131l \u00f6nce Galatasaray\u2019\u0131n Avrupa arenas\u0131ndaki ilk ma\u00e7\u0131nda futbolcular\u0131n ter d\u00f6kt\u00fc\u011f\u00fc formalardan biri, bug\u00fcn Ordu\u2019da ya\u015fayan fanatik Galatasaray taraftar\u0131 Fuat T\u00fcrkmen\u2019in(68) koleksiyonunda bulunuyor. \u015eampiyon Kul\u00fcpler Kupas\u0131\u2019nda Dinamo B\u00fckre\u015f\u2019e kar\u015f\u0131 oynanan bu tarihi kar\u015f\u0131la\u015fmada giyilen formalardan yaln\u0131zca iki tanesi g\u00fcn\u00fcm\u00fcze ula\u015fm\u0131\u015f durumda. Bu formalardan biri Galatasaray M\u00fczesi\u2019nde sergilenirken, di\u011feri Fuat T\u00fcrkmen taraf\u0131ndan b\u00fcy\u00fck bir \u00f6zenle korunuyor.<\/p>\n<p><strong>&#8220;O ZAFER\u0130N HATIRASI&#8221;<\/strong><\/p>\n<p class=\"text\">Fuat T\u00fcrkmen, bu e\u015fsiz formaya sahip olman\u0131n kendisi i\u00e7in gurur verici oldu\u011funu ifade ederek, forman\u0131n hikayesini \u015f\u00f6yle anlatt\u0131:<\/p>\n<p>1956 y\u0131l\u0131nda \u015eampiyon Kul\u00fcpler Kupas\u0131 1. Tur\u2019da Galatasaray, Romanya\u2019n\u0131n k\u00f6kl\u00fc tak\u0131mlar\u0131ndan Dinamo B\u00fckre\u015f ile e\u015fle\u015fti. Bu ma\u00e7, kul\u00fcb\u00fcm\u00fcz\u00fcn Avrupa\u2019daki ilk m\u00fccadelesiydi. \u0130lk ma\u00e7 B\u00fckre\u015f\u2019te oynand\u0131 ve tak\u0131m\u0131m\u0131z rakibine 3-1 ma\u011flup oldu. Ancak Metin Oktay\u2019\u0131n kaydetti\u011fi gol, Galatasaray\u2019\u0131n Avrupa kupalar\u0131ndaki ilk gol\u00fc olarak tarihe ge\u00e7ti. R\u00f6van\u015f ma\u00e7\u0131 ise 30 Eyl\u00fcl 1956\u2019da bug\u00fcnk\u00fc Rams Park\u2019\u0131n yerinde, o d\u00f6nemin Mithatpa\u015fa Stad\u0131\u2019nda oynand\u0131. Kadri Ayta\u00e7 ve Metin Oktay\u2019\u0131n golleriyle 2-1 kazanarak Avrupa kupalar\u0131ndaki ilk galibiyetimizi ald\u0131k. Bu forma i\u015fte o zaferin bir hat\u0131ras\u0131.<\/p>\n<p><strong>BU FORMADAN 2 ADET KALDI<\/strong><\/p>\n<p class=\"text\">Tarihi forman\u0131n tasar\u0131m\u0131, klasik sar\u0131-k\u0131rm\u0131z\u0131l\u0131 \u00e7izgilerden olduk\u00e7a farkl\u0131. K\u0131rm\u0131z\u0131 bir zemin \u00fczerinde \u00e7apraz sar\u0131 bir \u015ferit bulunan forman\u0131n, geni\u015f V yakas\u0131 \u00e7evresinde \u00e7ift sar\u0131 \u00e7izgi bulunuyor. G\u00fcn\u00fcm\u00fczde bu tasar\u0131ma sahip yaln\u0131zca iki forma kald\u0131\u011f\u0131n\u0131 belirten T\u00fcrkmen, duygular\u0131n\u0131 \u015fu s\u00f6zlerle dile getirdi:<\/p>\n<p>Bu formadan biri Galatasaray M\u00fczesi\u2019nde, di\u011feri ise bende. Bu, sadece bir forma de\u011fil, kul\u00fcb\u00fcm\u00fcz\u00fcn tarihi zaferlerinden birinin simgesi. Bu sorumlulu\u011fun fark\u0131nday\u0131m ve ona g\u00f6re hareket ediyorum.<\/p>\n<p><img decoding=\"async\" src=\"https:\/\/doguhabertv.com\/wp-content\/uploads\/2024\/12\/sadece-2-adet-kalan-tarihi-galatasaray-formasindan-birine-gozu-gibi-bakiyor-0.jpg\" \/><\/p>\n<p><strong>FORMANIN NASIL KEND\u0130S\u0130NE ULA\u015eTI\u011eINI ANLATTI<\/strong><\/p>\n<p class=\"text\">T\u00fcrkmen, forman\u0131n kendisine ula\u015fma hikayesini ise \u015f\u00f6yle anlatt\u0131:<\/p>\n<p>O ma\u00e7ta kaleyi koruyan rahmetli Turgay \u015eeren, bu formay\u0131 y\u0131llarca saklam\u0131\u015f. Daha sonra aile dostumuza hediye etmi\u015f. Aile dostumuz, benim s\u0131k\u0131 bir Galatasaray taraftar\u0131 oldu\u011fumu bildi\u011fi i\u00e7in bu formay\u0131 bana verdi. Manevi de\u011feri benim i\u00e7in tarif edilemez. Cam bir tablo i\u00e7inde sakl\u0131yorum ve benden sonra da \u00e7ocuklar\u0131ma miras kalacak. \u00c7ocuklar\u0131m\u0131n da bu formaya benim gibi \u00f6zen g\u00f6sterece\u011fine eminim.<\/p>\n<p><img decoding=\"async\" src=\"https:\/\/doguhabertv.com\/wp-content\/uploads\/2024\/12\/sadece-2-adet-kalan-tarihi-galatasaray-formasindan-birine-gozu-gibi-bakiyor-1.jpg\" \/><\/p>\n<p><strong>HANG\u0130 FUTBOLCUYA A\u0130T OLDU\u011eU B\u0130LNM\u0130YOR<\/strong><\/p>\n<p class=\"text\">Forman\u0131n orijinalli\u011fi hakk\u0131nda da bilgi veren T\u00fcrkmen, y\u0131llar\u0131n izlerini ta\u015f\u0131d\u0131\u011f\u0131n\u0131 ifade etti:<\/p>\n<p>Forma \u00fczerinde, o ma\u00e7\u0131n ne kadar \u00e7etin ge\u00e7ti\u011fini g\u00f6steren kan ve ter izleri h\u00e2l\u00e2 duruyor. Bu forma 3 numaral\u0131, ancak hangi futbolcuya ait oldu\u011funu bilmiyoruz. Muhtemelen savunma oyuncular\u0131ndan birine ait olabilir.<\/p>\n<p><strong>&#8220;SATMAYI D\u00dc\u015e\u00dcNM\u00dcYORUM&#8221;<\/strong><\/p>\n<p class=\"text\">T\u00fcrkmen, baz\u0131 koleksiyonerlerden forma i\u00e7in y\u00fcksek mebla\u011flarda teklifler ald\u0131\u011f\u0131n\u0131 da belirtti:<\/p>\n<p>Bazen para teklif edenler oluyor ama bu forma benim i\u00e7in maddi bir de\u011fer ta\u015f\u0131m\u0131yor. Manevi de\u011feri paha bi\u00e7ilemez. Bu nedenle satmay\u0131 asla d\u00fc\u015f\u00fcnm\u00fcyorum.<\/p>\n<p class=\"text\">Tarihe tan\u0131kl\u0131k eden bu \u00f6zel forma, Galatasaray\u2019\u0131n Avrupa ser\u00fcveninin ba\u015flang\u0131c\u0131n\u0131 simgeleyen bir hazine olarak, ge\u00e7mi\u015fle gelecek aras\u0131nda bir k\u00f6pr\u00fc kuruyor.<\/p>\n<p><img decoding=\"async\" src=\"https:\/\/doguhabertv.com\/wp-content\/uploads\/2024\/12\/sadece-2-adet-kalan-tarihi-galatasaray-formasindan-birine-gozu-gibi-bakiyor-2.jpg\" \/> <\/p>\n<p> <img decoding=\"async\" src=\"https:\/\/doguhabertv.com\/wp-content\/uploads\/2024\/12\/sadece-2-adet-kalan-tarihi-galatasaray-formasindan-birine-gozu-gibi-bakiyor-3.svg\" \/><\/p>\n<p>\n <strong>Yavuz Y\u0131ld\u0131r\u0131m<\/strong><br \/>Haber M\u00fcd\u00fcr\u00fc <\/p>\n","protected":false},"excerpt":{"rendered":"<p>68 y\u0131l \u00f6nce Galatasaray\u2019\u0131n Avrupa arenas\u0131ndaki ilk ma\u00e7\u0131nda futbolcular\u0131n ter d\u00f6kt\u00fc\u011f\u00fc formalardan biri, bug\u00fcn Ordu\u2019da ya\u015fayan fanatik Galatasaray taraftar\u0131 Fuat T\u00fcrkmen\u2019in(68) koleksiyonunda bulunuyor. \u015eampiyon Kul\u00fcpler Kupas\u0131\u2019nda Dinamo B\u00fckre\u015f\u2019e kar\u015f\u0131 oynanan bu tarihi kar\u015f\u0131la\u015fmada giyilen formalardan yaln\u0131zca iki tanesi g\u00fcn\u00fcm\u00fcze ula\u015fm\u0131\u015f durumda. Bu formalardan biri Galatasaray M\u00fczesi\u2019nde sergilenirken, di\u011feri Fuat T\u00fcrkmen taraf\u0131ndan b\u00fcy\u00fck bir \u00f6zenle korunuyor. [&hellip;]<\/p>\n","protected":false},"author":1,"featured_media":2414,"comment_status":"open","ping_status":"closed","sticky":false,"template":"","format":"standard","meta":{"footnotes":""},"categories":[1],"tags":[2210],"class_list":["post-2412","post","type-post","status-publish","format-standard","has-post-thumbnail","hentry","category-uncategorized","tag-yasam"],"_links":{"self":[{"href":"https:\/\/doguhabertv.com\/index.php?rest_route=\/wp\/v2\/posts\/2412","targetHints":{"allow":["GET"]}}],"collection":[{"href":"https:\/\/doguhabertv.com\/index.php?rest_route=\/wp\/v2\/posts"}],"about":[{"href":"https:\/\/doguhabertv.com\/index.php?rest_route=\/wp\/v2\/types\/post"}],"author":[{"embeddable":true,"href":"https:\/\/doguhabertv.com\/index.php?rest_route=\/wp\/v2\/users\/1"}],"replies":[{"embeddable":true,"href":"https:\/\/doguhabertv.com\/index.php?rest_route=%2Fwp%2Fv2%2Fcomments&post=2412"}],"version-history":[{"count":1,"href":"https:\/\/doguhabertv.com\/index.php?rest_route=\/wp\/v2\/posts\/2412\/revisions"}],"predecessor-version":[{"id":2413,"href":"https:\/\/doguhabertv.com\/index.php?rest_route=\/wp\/v2\/posts\/2412\/revisions\/2413"}],"wp:featuredmedia":[{"embeddable":true,"href":"https:\/\/doguhabertv.com\/index.php?rest_route=\/wp\/v2\/media\/2414"}],"wp:attachment":[{"href":"https:\/\/doguhabertv.com\/index.php?rest_route=%2Fwp%2Fv2%2Fmedia&parent=2412"}],"wp:term":[{"taxonomy":"category","embeddable":true,"href":"https:\/\/doguhabertv.com\/index.php?rest_route=%2Fwp%2Fv2%2Fcategories&post=2412"},{"taxonomy":"post_tag","embeddable":true,"href":"https:\/\/doguhabertv.com\/index.php?rest_route=%2Fwp%2Fv2%2Ftags&post=2412"}],"curies":[{"name":"wp","href":"https:\/\/api.w.org\/{rel}","templated":true}]}}