{"id":2406,"date":"2024-12-17T23:06:51","date_gmt":"2024-12-17T23:06:51","guid":{"rendered":"https:\/\/doguhabertv.com\/?p=2406"},"modified":"2024-12-17T23:06:51","modified_gmt":"2024-12-17T23:06:51","slug":"sednaya-hapishanesinde-canli-izine-rastlanmadi","status":"publish","type":"post","link":"https:\/\/doguhabertv.com\/?p=2406","title":{"rendered":"Sednaya Hapishanesi&#8217;nde canl\u0131 izine rastlanmad\u0131"},"content":{"rendered":"<p class=\"text\">Esad rejiminin Suriye&#8217;deki vah\u015fetinin en b\u00fcy\u00fck g\u00f6stergesi Sednaya Hapishanesi..<\/p>\n<p class=\"text\">Esad&#8217;\u0131n &#8220;insan mezbahas\u0131&#8221; olarak bilinen Sednaya&#8217;da bir\u00e7ok Suriyeli i\u015fkence alt\u0131nda can verirken, hapishanenin i\u00e7inden ise korkun\u00e7 g\u00f6r\u00fcnt\u00fcler ortaya \u00e7\u0131kt\u0131..<\/p>\n<p class=\"text\">Sednaya Hapishanesi&#8217;ne giren muhalifler, korkun\u00e7 g\u00f6r\u00fcnt\u00fclerle kar\u015f\u0131la\u015ft\u0131.<\/p>\n<p class=\"text\">Y\u0131llarca hapishanede esir olarak tutulanlar kurtar\u0131ld\u0131 ancak yerin alt\u0131nda kurtar\u0131lmay\u0131 bekleyen ba\u015fka mahkumlar\u0131n da oldu\u011fu d\u00fc\u015f\u00fcn\u00fcl\u00fcyordu..<\/p>\n<p class=\"text\">Bunun \u00fczerine harekete ge\u00e7en Afet ve Acil Durum Y\u00f6netimi Ba\u015fkanl\u0131\u011f\u0131 (AFAD) ekipleri, Esad&#8217;\u0131n i\u015fkence merkezi olan Sednaya Hapishanesi&#8217;nde arama tarama ve kurtarma faaliyetlerine ba\u015flad\u0131.<\/p>\n<p class=\"text\">120 ki\u015fiden olu\u015fan AFAD ekibi, duvar arkas\u0131 g\u00f6r\u00fcnt\u00fcleme cihaz\u0131, yer radar\u0131, d\u00f6rt k\u00f6pekli arama timi ve sismik akustik dinleme cihazlar\u0131yla b\u00f6lgede faaliyet g\u00f6steriyor.<\/p>\n<p><strong>AFAD BA\u015eKANI SEDNAYA&#8217;DAK\u0130 \u00c7ALI\u015eMALARA \u0130L\u0130\u015eK\u0130N KONU\u015eTU<\/strong><\/p>\n<p class=\"text\">\u00c7al\u0131\u015fmalara ili\u015fkin son durumu Afet ve Acil Durum Y\u00f6netimi (AFAD) Ba\u015fkan\u0131 Okay Memi\u015f a\u00e7\u0131klad\u0131..<\/p>\n<p class=\"text\">Memi\u015f, yerel otoritelerin, T\u00fcrkiye \u015eam B\u00fcy\u00fckel\u00e7ili\u011fi&#8217;ne yapt\u0131\u011f\u0131 m\u00fcracaat \u00fczerine b\u00f6lgeye gittiklerini belirterek, bug\u00fcn hava ayd\u0131nlan\u0131r ayd\u0131nlanmaz hapishanede \u00e7al\u0131\u015fmalar\u0131n\u0131 ba\u015flatt\u0131klar\u0131n\u0131 s\u00f6yledi.<\/p>\n<p class=\"text\">Okay Memi\u015f, bina i\u00e7indeki t\u00fcm katlar\u0131, zemin b\u00f6lmesini, h\u00fccreleri, ko\u011fu\u015flar\u0131 ve idari b\u00f6l\u00fcmleri dikkatli \u015fekilde kontrol ettiklerini vurgulayarak \u015funlar\u0131 s\u00f6yledi:<\/p>\n<p>Neticede herhangi bir canl\u0131ya rastlanmad\u0131. Buna ili\u015fkin iddialar vard\u0131, canl\u0131ya rastlanmad\u0131, bina i\u00e7inde g\u00f6m\u00fclm\u00fc\u015f herhangi bir mahkuma rastlanmad\u0131. Bununla birlikte i\u00e7eride yapt\u0131\u011f\u0131m\u0131z \u00e7al\u0131\u015fmada insanl\u0131k d\u0131\u015f\u0131 muameleye maruz b\u0131rak\u0131lan bir\u00e7ok alet edevat g\u00f6rd\u00fck, g\u00f6zlemledik. Onlar\u0131n hi\u00e7birine dokunmad\u0131k.<\/p>\n<p><strong>&#8220;NET\u0130CE \u0130T\u0130BARIYLA HERHANG\u0130 B\u0130R CANLIYA RASTLAMADIK&#8221;<\/strong><\/p>\n<p>Buras\u0131 Esad rejiminin g\u00f6stergesi niteli\u011finde bir bina oldu\u011fu i\u00e7in ileride ya\u015fanabilecek, uluslararas\u0131 mahkemelerde yarg\u0131lanma konusu olabilecek bir alan da oldu\u011fu bilinciyle hareket ettik. Netice itibar\u0131yla herhangi bir canl\u0131ya rastlamad\u0131k.<\/p>\n<p><strong>&#8220;MAYINLI B\u0130R B\u00d6LGE DE VAR&#8221;<\/strong><\/p>\n<p class=\"text\">Avluda \u00e7al\u0131\u015fmalar\u0131na devam ettiklerini kaydeden Memi\u015f, &#8220;Tabelalarda da a\u00e7\u0131k\u00e7a g\u00f6stermi\u015fler, may\u0131nl\u0131 bir b\u00f6lge de var. Dolay\u0131s\u0131yla bu a\u00e7\u0131k alanda yapaca\u011f\u0131m\u0131z \u00e7al\u0131\u015fmalarda daha dikkatli ve \u00f6zenli olmak durumunday\u0131z. Bug\u00fcn binan\u0131n i\u00e7indeki \u00e7al\u0131\u015fmay\u0131 tamamlad\u0131k. Yar\u0131n da bu alanda \u00e7al\u0131\u015fmam\u0131z\u0131 devam ettirece\u011fiz. Biz T\u00fcrkiye Cumhuriyeti devleti olarak ve T\u00fcrk milleti olarak Suriyeli karde\u015flerimizin yan\u0131nday\u0131z. Onlar\u0131n bu zor d\u00f6neminde, onlar\u0131n bu s\u00fcre\u00e7lerinde yard\u0131mc\u0131 olmaya gayret ediyoruz&#8221; diye konu\u015ftu.<\/p>\n<p><img decoding=\"async\" src=\"https:\/\/doguhabertv.com\/wp-content\/uploads\/2024\/12\/sednaya-hapishanesinde-canli-izine-rastlanmadi-0.jpg\" \/><\/p>\n","protected":false},"excerpt":{"rendered":"<p>Esad rejiminin Suriye&#8217;deki vah\u015fetinin en b\u00fcy\u00fck g\u00f6stergesi Sednaya Hapishanesi.. Esad&#8217;\u0131n &#8220;insan mezbahas\u0131&#8221; olarak bilinen Sednaya&#8217;da bir\u00e7ok Suriyeli i\u015fkence alt\u0131nda can verirken, hapishanenin i\u00e7inden ise korkun\u00e7 g\u00f6r\u00fcnt\u00fcler ortaya \u00e7\u0131kt\u0131.. Sednaya Hapishanesi&#8217;ne giren muhalifler, korkun\u00e7 g\u00f6r\u00fcnt\u00fclerle kar\u015f\u0131la\u015ft\u0131. Y\u0131llarca hapishanede esir olarak tutulanlar kurtar\u0131ld\u0131 ancak yerin alt\u0131nda kurtar\u0131lmay\u0131 bekleyen ba\u015fka mahkumlar\u0131n da oldu\u011fu d\u00fc\u015f\u00fcn\u00fcl\u00fcyordu.. Bunun \u00fczerine harekete ge\u00e7en [&hellip;]<\/p>\n","protected":false},"author":1,"featured_media":2408,"comment_status":"open","ping_status":"closed","sticky":false,"template":"","format":"standard","meta":{"footnotes":""},"categories":[1],"tags":[563],"class_list":["post-2406","post","type-post","status-publish","format-standard","has-post-thumbnail","hentry","category-uncategorized","tag-dunya"],"_links":{"self":[{"href":"https:\/\/doguhabertv.com\/index.php?rest_route=\/wp\/v2\/posts\/2406","targetHints":{"allow":["GET"]}}],"collection":[{"href":"https:\/\/doguhabertv.com\/index.php?rest_route=\/wp\/v2\/posts"}],"about":[{"href":"https:\/\/doguhabertv.com\/index.php?rest_route=\/wp\/v2\/types\/post"}],"author":[{"embeddable":true,"href":"https:\/\/doguhabertv.com\/index.php?rest_route=\/wp\/v2\/users\/1"}],"replies":[{"embeddable":true,"href":"https:\/\/doguhabertv.com\/index.php?rest_route=%2Fwp%2Fv2%2Fcomments&post=2406"}],"version-history":[{"count":1,"href":"https:\/\/doguhabertv.com\/index.php?rest_route=\/wp\/v2\/posts\/2406\/revisions"}],"predecessor-version":[{"id":2407,"href":"https:\/\/doguhabertv.com\/index.php?rest_route=\/wp\/v2\/posts\/2406\/revisions\/2407"}],"wp:featuredmedia":[{"embeddable":true,"href":"https:\/\/doguhabertv.com\/index.php?rest_route=\/wp\/v2\/media\/2408"}],"wp:attachment":[{"href":"https:\/\/doguhabertv.com\/index.php?rest_route=%2Fwp%2Fv2%2Fmedia&parent=2406"}],"wp:term":[{"taxonomy":"category","embeddable":true,"href":"https:\/\/doguhabertv.com\/index.php?rest_route=%2Fwp%2Fv2%2Fcategories&post=2406"},{"taxonomy":"post_tag","embeddable":true,"href":"https:\/\/doguhabertv.com\/index.php?rest_route=%2Fwp%2Fv2%2Ftags&post=2406"}],"curies":[{"name":"wp","href":"https:\/\/api.w.org\/{rel}","templated":true}]}}