{"id":2403,"date":"2024-12-17T23:06:50","date_gmt":"2024-12-17T23:06:50","guid":{"rendered":"https:\/\/doguhabertv.com\/?p=2403"},"modified":"2024-12-17T23:06:50","modified_gmt":"2024-12-17T23:06:50","slug":"suriyenin-doviz-rezervlerinde-keskin-dusus","status":"publish","type":"post","link":"https:\/\/doguhabertv.com\/?p=2403","title":{"rendered":"Suriye&#8217;nin d\u00f6viz rezervlerinde keskin d\u00fc\u015f\u00fc\u015f"},"content":{"rendered":"<p class=\"text\">Suriye\u2019de y\u00f6netimi ele ge\u00e7iren Heyet Tahrir e\u015f-\u015eam (HT\u015e) ge\u00e7i\u015f d\u00f6nemi ba\u015fbakan\u0131 olarak HT\u015e\u2019nin \u0130dlib\u2019deki sivil y\u00f6netiminden sorumlu Muhammed el-Be\u015fir\u2019i se\u00e7ti.<\/p>\n<p class=\"text\">Suriye&#8217;nin ge\u00e7ici Ba\u015fbakan\u0131 Muhammed el Be\u015fir, \u00fclkenin d\u00f6viz rezervlerinin \u00e7ok d\u00fc\u015f\u00fck seviyelerde oldu\u011funu s\u00f6yledi.<\/p>\n<p class=\"text\">Be\u015fir, a\u00e7\u0131klamay\u0131 Al Jazeera televizyonuna yapt\u0131.<\/p>\n<p><strong>&#8220;REZERVLER T\u00dcKEND\u0130&#8221;<\/strong><\/p>\n<p class=\"text\">Hem mevcut hem de \u00f6nceki Suriyeli yetkililer, Be\u015far Esad h\u00fck\u00fcmetinin d\u00f6viz rezervlerini g\u0131da, yak\u0131t ve sava\u015f masraflar\u0131n\u0131 finanse etmek i\u00e7in giderek daha fazla kulland\u0131\u011f\u0131n\u0131 ve bu nedenle rezervlerin neredeyse t\u00fckendi\u011fini ifade ettiler.<\/p>\n<p><strong>&#8220;SUR\u0130YE MERKEZ BANKASI&#8217;NDA 200 M\u0130LYON DOLAR KALDI&#8221;<\/strong><\/p>\n<p class=\"text\">Reuters&#8217;a bilgi veren kaynaklardan biri, Suriye Merkez Bankas\u0131&#8217;n\u0131n d\u00f6viz rezervlerinin nakit olarak yakla\u015f\u0131k 200 milyon dolar civar\u0131nda oldu\u011funu belirtirken, ba\u015fka bir kaynak ise rezervlerin &#8220;y\u00fcz milyonlarca&#8221; dolar seviyesinde oldu\u011funu s\u00f6yledi.<\/p>\n","protected":false},"excerpt":{"rendered":"<p>Suriye\u2019de y\u00f6netimi ele ge\u00e7iren Heyet Tahrir e\u015f-\u015eam (HT\u015e) ge\u00e7i\u015f d\u00f6nemi ba\u015fbakan\u0131 olarak HT\u015e\u2019nin \u0130dlib\u2019deki sivil y\u00f6netiminden sorumlu Muhammed el-Be\u015fir\u2019i se\u00e7ti. Suriye&#8217;nin ge\u00e7ici Ba\u015fbakan\u0131 Muhammed el Be\u015fir, \u00fclkenin d\u00f6viz rezervlerinin \u00e7ok d\u00fc\u015f\u00fck seviyelerde oldu\u011funu s\u00f6yledi. Be\u015fir, a\u00e7\u0131klamay\u0131 Al Jazeera televizyonuna yapt\u0131. &#8220;REZERVLER T\u00dcKEND\u0130&#8221; Hem mevcut hem de \u00f6nceki Suriyeli yetkililer, Be\u015far Esad h\u00fck\u00fcmetinin d\u00f6viz rezervlerini g\u0131da, [&hellip;]<\/p>\n","protected":false},"author":1,"featured_media":2405,"comment_status":"open","ping_status":"closed","sticky":false,"template":"","format":"standard","meta":{"footnotes":""},"categories":[1],"tags":[2298],"class_list":["post-2403","post","type-post","status-publish","format-standard","has-post-thumbnail","hentry","category-uncategorized","tag-ekonomi"],"_links":{"self":[{"href":"https:\/\/doguhabertv.com\/index.php?rest_route=\/wp\/v2\/posts\/2403","targetHints":{"allow":["GET"]}}],"collection":[{"href":"https:\/\/doguhabertv.com\/index.php?rest_route=\/wp\/v2\/posts"}],"about":[{"href":"https:\/\/doguhabertv.com\/index.php?rest_route=\/wp\/v2\/types\/post"}],"author":[{"embeddable":true,"href":"https:\/\/doguhabertv.com\/index.php?rest_route=\/wp\/v2\/users\/1"}],"replies":[{"embeddable":true,"href":"https:\/\/doguhabertv.com\/index.php?rest_route=%2Fwp%2Fv2%2Fcomments&post=2403"}],"version-history":[{"count":1,"href":"https:\/\/doguhabertv.com\/index.php?rest_route=\/wp\/v2\/posts\/2403\/revisions"}],"predecessor-version":[{"id":2404,"href":"https:\/\/doguhabertv.com\/index.php?rest_route=\/wp\/v2\/posts\/2403\/revisions\/2404"}],"wp:featuredmedia":[{"embeddable":true,"href":"https:\/\/doguhabertv.com\/index.php?rest_route=\/wp\/v2\/media\/2405"}],"wp:attachment":[{"href":"https:\/\/doguhabertv.com\/index.php?rest_route=%2Fwp%2Fv2%2Fmedia&parent=2403"}],"wp:term":[{"taxonomy":"category","embeddable":true,"href":"https:\/\/doguhabertv.com\/index.php?rest_route=%2Fwp%2Fv2%2Fcategories&post=2403"},{"taxonomy":"post_tag","embeddable":true,"href":"https:\/\/doguhabertv.com\/index.php?rest_route=%2Fwp%2Fv2%2Ftags&post=2403"}],"curies":[{"name":"wp","href":"https:\/\/api.w.org\/{rel}","templated":true}]}}