{"id":2394,"date":"2024-12-17T23:06:42","date_gmt":"2024-12-17T23:06:42","guid":{"rendered":"https:\/\/doguhabertv.com\/?p=2394"},"modified":"2024-12-17T23:06:42","modified_gmt":"2024-12-17T23:06:42","slug":"abdden-pkk-aciklamasi-turkiyenin-mesru-endiselerini-anliyoruz","status":"publish","type":"post","link":"https:\/\/doguhabertv.com\/?p=2394","title":{"rendered":"ABD&#8217;den PKK a\u00e7\u0131klamas\u0131: T\u00fcrkiye&#8217;nin me\u015fru endi\u015felerini anl\u0131yoruz"},"content":{"rendered":"<p><\/p>\n<p class=\"text\">G\u00fcnl\u00fck bas\u0131n toplant\u0131s\u0131nda Suriye&#8217;de ya\u015fanan geli\u015fmelerle ilgili gazetecilerin sorular\u0131n\u0131 cevaplayan ABD D\u0131\u015fi\u015fleri Bakanl\u0131\u011f\u0131 S\u00f6zc\u00fcs\u00fc Matthew Miller, Suriye&#8217;nin kuzeyindeki PKK\/PYD ter\u00f6r \u00f6rg\u00fct\u00fcn\u00fcn olu\u015fturdu\u011fu tehditle ilgili konu\u015ftu.<\/p>\n<p class=\"text\">Miller, &#8220;Suriye&#8217;nin kuzeyindeki \u00e7at\u0131\u015fmalar\u0131n bu noktada artmas\u0131yla birlikte T\u00fcrkiye&#8217;nin PKK&#8217;n\u0131n olu\u015fturdu\u011fu ter\u00f6r tehdidi konusunda me\u015fru endi\u015felerini anl\u0131yoruz&#8221; ifadelerini kulland\u0131.<\/p>\n<p><strong>&#8220;\u0130LER\u0130YE DO\u011eRU B\u0130R YOL BULMAYA \u00c7ALI\u015eIYORUZ&#8221;<\/strong><\/p>\n<p class=\"text\">T\u00fcrkiye&#8217;nin Suriye i\u00e7indeki yabanc\u0131 sava\u015f\u00e7\u0131lar\u0131n varl\u0131\u011f\u0131 konusundaki \u00e7ok me\u015fru endi\u015felerini de anlay\u0131\u015fla kar\u015f\u0131lad\u0131klar\u0131n\u0131 belirten Miller, bu y\u00fczden ABD&#8217;nin T\u00fcrk h\u00fck\u00fcmetiyle bu endi\u015feler hakk\u0131nda konu\u015ftu\u011funu ve ileriye do\u011fru bir yol bulmaya \u00e7al\u0131\u015ft\u0131\u011f\u0131n\u0131 vurgulad\u0131.<\/p>\n<p class=\"text\">Miller, &#8220;G\u00f6rmek istedi\u011fimiz \u015feyin Suriye i\u00e7indeki t\u00fcm etnik gruplar\u0131 kapsayan bir Suriye ulusal h\u00fck\u00fcmeti kurulmas\u0131 oldu\u011funu s\u00f6yleyebilirim&#8221; dedi.<\/p>\n<p class=\"text\">S\u00fcrecin sonunda ayr\u0131 bayraklar alt\u0131nda silah ta\u015f\u0131yan hi\u00e7bir alt ulusal milis grubun olmamas\u0131 gerekti\u011fine i\u015faret eden Miller, bu do\u011frultuda Suriye&#8217;den yabanc\u0131 sava\u015f\u00e7\u0131lar\u0131n s\u0131n\u0131r d\u0131\u015f\u0131 edilmesini tart\u0131\u015fman\u0131n kesinlikle uygun oldu\u011funu dile getirdi.<\/p>\n<p><strong>&#8220;KARARI SUR\u0130YE HALKI VERECEK&#8221;<\/strong><\/p>\n<p class=\"text\">Suriye&#8217;de yeni kurulacak siyasi sistemin ne olmas\u0131 gerekti\u011fi konusundaki soruya Miller, &#8220;Bu ABD&#8217;nin de\u011fil Suriye halk\u0131n\u0131n verece\u011fi bir karar&#8221; cevab\u0131n\u0131 verdi.<\/p>\n<p class=\"text\">Miller, Suriye halk\u0131n\u0131n h\u00fck\u00fcmeti ve anayasalar\u0131n\u0131 olu\u015ftururken \u00f6zlemlerini ve sivil toplumda ger\u00e7ekle\u015fen al ver ili\u015fkisinde normal uzla\u015fmalar\u0131 temsil eden \u00e7er\u00e7evede karar vermesi gerekti\u011fini kaydetti.<\/p>\n<p class=\"text\">ABD&#8217;nin bu s\u00fcre\u00e7te ana prensipleri hat\u0131rlatma noktas\u0131nda durdu\u011funu belirten Miller, Suriye&#8217;de \u015feffaf ve kapsay\u0131c\u0131 bir anayasan\u0131n benimsemesinin \u00f6nemini belirtti.<\/p>\n","protected":false},"excerpt":{"rendered":"<p>G\u00fcnl\u00fck bas\u0131n toplant\u0131s\u0131nda Suriye&#8217;de ya\u015fanan geli\u015fmelerle ilgili gazetecilerin sorular\u0131n\u0131 cevaplayan ABD D\u0131\u015fi\u015fleri Bakanl\u0131\u011f\u0131 S\u00f6zc\u00fcs\u00fc Matthew Miller, Suriye&#8217;nin kuzeyindeki PKK\/PYD ter\u00f6r \u00f6rg\u00fct\u00fcn\u00fcn olu\u015fturdu\u011fu tehditle ilgili konu\u015ftu. Miller, &#8220;Suriye&#8217;nin kuzeyindeki \u00e7at\u0131\u015fmalar\u0131n bu noktada artmas\u0131yla birlikte T\u00fcrkiye&#8217;nin PKK&#8217;n\u0131n olu\u015fturdu\u011fu ter\u00f6r tehdidi konusunda me\u015fru endi\u015felerini anl\u0131yoruz&#8221; ifadelerini kulland\u0131. &#8220;\u0130LER\u0130YE DO\u011eRU B\u0130R YOL BULMAYA \u00c7ALI\u015eIYORUZ&#8221; T\u00fcrkiye&#8217;nin Suriye i\u00e7indeki yabanc\u0131 sava\u015f\u00e7\u0131lar\u0131n [&hellip;]<\/p>\n","protected":false},"author":1,"featured_media":2396,"comment_status":"open","ping_status":"closed","sticky":false,"template":"","format":"standard","meta":{"footnotes":""},"categories":[1],"tags":[816],"class_list":["post-2394","post","type-post","status-publish","format-standard","has-post-thumbnail","hentry","category-uncategorized","tag-gundem"],"_links":{"self":[{"href":"https:\/\/doguhabertv.com\/index.php?rest_route=\/wp\/v2\/posts\/2394","targetHints":{"allow":["GET"]}}],"collection":[{"href":"https:\/\/doguhabertv.com\/index.php?rest_route=\/wp\/v2\/posts"}],"about":[{"href":"https:\/\/doguhabertv.com\/index.php?rest_route=\/wp\/v2\/types\/post"}],"author":[{"embeddable":true,"href":"https:\/\/doguhabertv.com\/index.php?rest_route=\/wp\/v2\/users\/1"}],"replies":[{"embeddable":true,"href":"https:\/\/doguhabertv.com\/index.php?rest_route=%2Fwp%2Fv2%2Fcomments&post=2394"}],"version-history":[{"count":1,"href":"https:\/\/doguhabertv.com\/index.php?rest_route=\/wp\/v2\/posts\/2394\/revisions"}],"predecessor-version":[{"id":2395,"href":"https:\/\/doguhabertv.com\/index.php?rest_route=\/wp\/v2\/posts\/2394\/revisions\/2395"}],"wp:featuredmedia":[{"embeddable":true,"href":"https:\/\/doguhabertv.com\/index.php?rest_route=\/wp\/v2\/media\/2396"}],"wp:attachment":[{"href":"https:\/\/doguhabertv.com\/index.php?rest_route=%2Fwp%2Fv2%2Fmedia&parent=2394"}],"wp:term":[{"taxonomy":"category","embeddable":true,"href":"https:\/\/doguhabertv.com\/index.php?rest_route=%2Fwp%2Fv2%2Fcategories&post=2394"},{"taxonomy":"post_tag","embeddable":true,"href":"https:\/\/doguhabertv.com\/index.php?rest_route=%2Fwp%2Fv2%2Ftags&post=2394"}],"curies":[{"name":"wp","href":"https:\/\/api.w.org\/{rel}","templated":true}]}}