{"id":2373,"date":"2024-12-17T23:06:33","date_gmt":"2024-12-17T23:06:33","guid":{"rendered":"https:\/\/doguhabertv.com\/?p=2373"},"modified":"2024-12-17T23:06:33","modified_gmt":"2024-12-17T23:06:33","slug":"istanbul-kucukcekmecede-pazardaki-bicakli-kavgada-1i-agir-4-kisi-yaralandi","status":"publish","type":"post","link":"https:\/\/doguhabertv.com\/?p=2373","title":{"rendered":"\u0130stanbul K\u00fc\u00e7\u00fck\u00e7ekmece&#8217;de pazardaki b\u0131\u00e7akl\u0131 kavgada 1&#8217;i a\u011f\u0131r 4 ki\u015fi yaraland\u0131"},"content":{"rendered":"<p class=\"text\">\u0130stanbul&#8217;un K\u00fc\u00e7\u00fck\u00e7ekmece il\u00e7esi Ye\u015filova Mahallesi&#8217;nde kurulan pazarda bir grup ile pazarc\u0131lar aras\u0131nda yol kapatma meselesinden tart\u0131\u015fma \u00e7\u0131kt\u0131.<\/p>\n<p class=\"text\">B\u00fcy\u00fcyerek kavgaya d\u00f6n\u00fc\u015fen olayda pazar esnaf\u0131ndan \u0130.K., S.K., E.K. ve F.K. b\u0131\u00e7akla yaraland\u0131.<\/p>\n<p class=\"text\">Vatanda\u015flar\u0131n ihbar\u0131 \u00fczerine b\u00f6lgeye polis ve sa\u011fl\u0131k ekipleri sevk edildi.<\/p>\n<p><strong>DURUMU A\u011eIR<\/strong><\/p>\n<p class=\"text\">Ambulanslarla hastaneye kald\u0131r\u0131lan yaral\u0131lardan E.K.&#8217;nin hayati tehlikesinin bulundu\u011fu \u00f6\u011frenildi.<\/p>\n<p class=\"text\">K\u00fc\u00e7\u00fck\u00e7ekmece Asayi\u015f B\u00fcro Amirli\u011fi ekipleri b\u0131\u00e7akl\u0131 kavgaya kar\u0131\u015ft\u0131klar\u0131 belirlenen Y.\u0130., K.D. ve E.K. adl\u0131 \u015f\u00fcphelileri g\u00f6zalt\u0131na ald\u0131.<\/p>\n<p class=\"text\">Polisin \u015f\u00fcpheli E.\u00d6.&#8217;y\u00fc yakalama \u00e7al\u0131\u015fmas\u0131 s\u00fcr\u00fcyor.<\/p>\n","protected":false},"excerpt":{"rendered":"<p>\u0130stanbul&#8217;un K\u00fc\u00e7\u00fck\u00e7ekmece il\u00e7esi Ye\u015filova Mahallesi&#8217;nde kurulan pazarda bir grup ile pazarc\u0131lar aras\u0131nda yol kapatma meselesinden tart\u0131\u015fma \u00e7\u0131kt\u0131. B\u00fcy\u00fcyerek kavgaya d\u00f6n\u00fc\u015fen olayda pazar esnaf\u0131ndan \u0130.K., S.K., E.K. ve F.K. b\u0131\u00e7akla yaraland\u0131. Vatanda\u015flar\u0131n ihbar\u0131 \u00fczerine b\u00f6lgeye polis ve sa\u011fl\u0131k ekipleri sevk edildi. DURUMU A\u011eIR Ambulanslarla hastaneye kald\u0131r\u0131lan yaral\u0131lardan E.K.&#8217;nin hayati tehlikesinin bulundu\u011fu \u00f6\u011frenildi. K\u00fc\u00e7\u00fck\u00e7ekmece Asayi\u015f B\u00fcro Amirli\u011fi [&hellip;]<\/p>\n","protected":false},"author":1,"featured_media":2375,"comment_status":"open","ping_status":"closed","sticky":false,"template":"","format":"standard","meta":{"footnotes":""},"categories":[1],"tags":[2297],"class_list":["post-2373","post","type-post","status-publish","format-standard","has-post-thumbnail","hentry","category-uncategorized","tag-3-sayfa"],"_links":{"self":[{"href":"https:\/\/doguhabertv.com\/index.php?rest_route=\/wp\/v2\/posts\/2373","targetHints":{"allow":["GET"]}}],"collection":[{"href":"https:\/\/doguhabertv.com\/index.php?rest_route=\/wp\/v2\/posts"}],"about":[{"href":"https:\/\/doguhabertv.com\/index.php?rest_route=\/wp\/v2\/types\/post"}],"author":[{"embeddable":true,"href":"https:\/\/doguhabertv.com\/index.php?rest_route=\/wp\/v2\/users\/1"}],"replies":[{"embeddable":true,"href":"https:\/\/doguhabertv.com\/index.php?rest_route=%2Fwp%2Fv2%2Fcomments&post=2373"}],"version-history":[{"count":1,"href":"https:\/\/doguhabertv.com\/index.php?rest_route=\/wp\/v2\/posts\/2373\/revisions"}],"predecessor-version":[{"id":2374,"href":"https:\/\/doguhabertv.com\/index.php?rest_route=\/wp\/v2\/posts\/2373\/revisions\/2374"}],"wp:featuredmedia":[{"embeddable":true,"href":"https:\/\/doguhabertv.com\/index.php?rest_route=\/wp\/v2\/media\/2375"}],"wp:attachment":[{"href":"https:\/\/doguhabertv.com\/index.php?rest_route=%2Fwp%2Fv2%2Fmedia&parent=2373"}],"wp:term":[{"taxonomy":"category","embeddable":true,"href":"https:\/\/doguhabertv.com\/index.php?rest_route=%2Fwp%2Fv2%2Fcategories&post=2373"},{"taxonomy":"post_tag","embeddable":true,"href":"https:\/\/doguhabertv.com\/index.php?rest_route=%2Fwp%2Fv2%2Ftags&post=2373"}],"curies":[{"name":"wp","href":"https:\/\/api.w.org\/{rel}","templated":true}]}}